{"id":10104,"date":"2024-07-09T10:13:28","date_gmt":"2024-07-09T08:13:28","guid":{"rendered":"https:\/\/umtykocin.pl\/mieszkaniec\/?p=10104"},"modified":"2025-10-24T08:48:40","modified_gmt":"2025-10-24T06:48:40","slug":"czyste-powietrze-2","status":"publish","type":"post","link":"http:\/\/umtykocin.pl\/mieszkaniec\/czyste-powietrze-2\/","title":{"rendered":"CZYSTE POWIETRZE"},"content":{"rendered":"<p><a href=\"http:\/\/umtykocin.pl\/mieszkaniec\/wp-content\/uploads\/sites\/4\/2024\/07\/czpow.jpg\"><img loading=\"lazy\" decoding=\"async\" class=\"aligncenter wp-image-10095 \" src=\"http:\/\/umtykocin.pl\/mieszkaniec\/wp-content\/uploads\/sites\/4\/2024\/07\/czpow-1024x174.jpg\" alt=\"\" width=\"713\" height=\"121\" \/><\/a><\/p>\n<p>Gminny Punkt Konsultacyjno \u2013 Informacyjny programu \u201dCzyste Powietrze\u201d<\/p>\n<p>Punkt Konsultacyjny ma na celu u\u0142atwienie mieszka\u0144com Gminy Tykocin aplikowanie o dofinansowanie w ramach Programu Priorytetowego \u201eCzyste Powietrze\u201d. Utworzenie punktu jest realizacj\u0105 zawartego porozumienia pomi\u0119dzy Wojew\u00f3dzkim Funduszem Ochrony \u015arodowiska i Gospodarki Wodnej w Bia\u0142ymstoku a Gmin\u0105 Tykocin.<\/p>\n<p>W Punkcie Konsultacyjno-Informacyjnym mo\u017cesz:<\/p>\n<ul>\n<li>uzyska\u0107 informacje o programie<\/li>\n<li>skonsultowa\u0107 swoj\u0105 sytuacj\u0119<\/li>\n<li>uzyska\u0107 pomoc przy wype\u0142nieniu wniosku<\/li>\n<li>z\u0142o\u017cy\u0107 wniosek \u2013 wniosek jest przekazywany do WFO\u015aiGW w Bia\u0142ymstoku, gdzie nast\u0119puje jego weryfikacja merytoryczna<\/li>\n<li>otrzyma\u0107 pomoc przy rozliczeniu przyznanego dofinansowania.<\/li>\n<\/ul>\n<p><strong>Punkt konsultacyjny mie\u015bci si\u0119 w\u00a0Urz\u0119dzie Miejskim w Tykocinie ul. 11 Listopada 8 i jest czynny\u00a0od poniedzia\u0142ku do pi\u0105tku \u2013 w godzinach pracy Urz\u0119du. Mo\u017cliwa jest r\u00f3wnie\u017c konsultacja telefoniczna \u2013 tel. <u>85\u00a0718 16 27<\/u> lub <u>85\u00a0686 93 25<\/u>.<\/strong><\/p>\n<p><strong><em><u>\u00a0<\/u><\/em><\/strong><\/p>\n<p><strong><em><u>Informacja o programie<\/u><\/em><\/strong><\/p>\n<p><strong>\u201eCZYSTE POWIETRZE\u201d\u00a0<\/strong>to program, kt\u00f3rego celem jest poprawa jako\u015bci powietrza oraz zmniejszenie emisji gaz\u00f3w cieplarnianych poprzez wymian\u0119 \u017ar\u00f3de\u0142 ciep\u0142a popraw\u0119 efektywno\u015bci energetycznej budynk\u00f3w mieszkalnych jednorodzinnych. Narz\u0119dziem w osi\u0105gni\u0119ciu celu jest\u00a0<strong>dofinansowanie<\/strong>\u00a0przedsi\u0119wzi\u0119\u0107 realizowanych przez beneficjent\u00f3w.<\/p>\n<p><strong>Na jakie inwestycje mo\u017cna otrzyma\u0107 dofinansowanie?<\/strong><\/p>\n<ul>\n<li>Wymian\u0119 \u017ar\u00f3de\u0142 ciep\u0142a,<\/li>\n<li>instalacj\u0119 centralnego ogrzewania i ciep\u0142ej wody u\u017cytkowej,<\/li>\n<li>ocieplenie przegr\u00f3d budowlanych,<\/li>\n<li>stolark\u0119 okienn\u0105 i drzwiow\u0105,<\/li>\n<li>mikroinstalacj\u0119 fotowoltaiczn\u0105,<\/li>\n<li>wentylacj\u0119 mechaniczn\u0105 z rekuperacj\u0105 na termomodernizacj\u0119 budynku, panele fotowoltaiczne,<\/li>\n<li>dokumentacj\u0119: audyt energetyczny, dokumentacj\u0119 projektow\u0105, ekspertyzy.<\/li>\n<\/ul>\n<p><strong>Komu przys\u0142uguje dofinansowanie?<\/strong><\/p>\n<p>Program skierowany jest do os\u00f3b fizycznych, kt\u00f3re s\u0105:<\/p>\n<ul>\n<li>w\u0142a\u015bcicielami\/wsp\u00f3\u0142w\u0142a\u015bcicielami budynku mieszkalnego jednorodzinnego lub<\/li>\n<li>wydzielonego w takim budynku lokalu mieszkalnego z wyodr\u0119bnion\u0105 ksi\u0119g\u0105 wieczyst\u0105.<\/li>\n<\/ul>\n<p>Program obejmuje trzy grupy beneficjent\u00f3w:<\/p>\n<ul>\n<li>uprawnionych do\u00a0<strong>podstawowego <\/strong>poziomu dofinansowania &#8211; osoby, kt\u00f3rych roczny doch\u00f3d nie przekracza\u00a0<strong>135 000 z\u0142<\/strong>,<\/li>\n<li>uprawnionych do\u00a0<strong>podwy\u017cszonego <\/strong>poziomu dofinansowania \u2013 osoby, kt\u00f3rych przeci\u0119tny miesi\u0119czny doch\u00f3d na osob\u0119 w gospodarstwie domowym nie przekracza:\u00a0<strong>1 894 z\u0142<\/strong>\u00a0(gospodarstwo wieloosobowe) lub\u00a0<strong>2 651 z\u0142<\/strong>\u00a0(gospodarstwo jednoosobowe),<\/li>\n<\/ul>\n<p>W przypadku prowadzenia dzia\u0142alno\u015bci gospodarczej, roczny przych\u00f3d osoby nie mo\u017ce przekracza\u0107 40-krotno\u015bci minimalnego wynagrodzenia za prac\u0119 (w 2023 r. 120\u00a0400 z\u0142)<\/p>\n<ul>\n<li>uprawnionych do\u00a0<strong>najwy\u017cszego <\/strong>poziomu dofinansowania &#8211; osoby, kt\u00f3rych przeci\u0119tny miesi\u0119czny doch\u00f3d na osob\u0119 w gospodarstwie domowym nie przekracza:\u00a0<strong>1090 z\u0142<\/strong>\u00a0(gospodarstwo wieloosobowe) lub\u00a0<strong>1 526 z\u0142<\/strong>\u00a0(gospodarstwo jednoosobowe) <strong><u>lub<\/u><\/strong> ma ustalone prawo do otrzymywania: <strong>zasi\u0142ku sta\u0142ego, zasi\u0142ku okresowego, zasi\u0142ku rodzinnego, lub specjalnego zasi\u0142ku opieku\u0144czego. <\/strong>Zasi\u0142ek musi przys\u0142ugiwa\u0107 w ka\u017cdym z kolejnych 6 miesi\u0119cy kalendarzowych poprzedzaj\u0105cych miesi\u0105c z\u0142o\u017cenia wniosku o wydanie za\u015bwiadczenia oraz co najmniej do dnia z\u0142o\u017cenia wniosku o dofinansowanie \u2013 w ramach <strong>najwy\u017cszego<\/strong> poziomu dofinansowania.<\/li>\n<\/ul>\n<p>W przypadku prowadzenia dzia\u0142alno\u015bci gospodarczej, roczny przych\u00f3d osoby nie mo\u017ce przekracza\u0107 20-krotno\u015bci minimalnego wynagrodzenia za prac\u0119 (w 2023 r. 60\u00a0200 z\u0142)<\/p>\n<p>Osob\u0105, kt\u00f3ra zamierza z\u0142o\u017cy\u0107 wniosek o przyznanie podwy\u017cszonego lub najwy\u017cszego poziomu dofinansowania powinna posiada\u0107 za\u015bwiadczenie potwierdzaj\u0105ce wysoko\u015b\u0107 przeci\u0119tnego miesi\u0119cznego dochodu na jednego cz\u0142onka gospodarstwa domowego.<\/p>\n<p><strong>W Gminie Tykocin za\u015bwiadczenia wydawane s\u0105 w Miejsko &#8211; Gminnym O\u015brodku Pomocy Spo\u0142ecznej w Tykocinie ul. Z\u0142ota 2<\/strong>, od poniedzia\u0142ku do pi\u0105tku od 7:30 do 15:30. Wi\u0119cej informacji mo\u017cna uzyska\u0107 pod nr telefonu: <a href=\"https:\/\/www.google.com\/search?client=firefox-b-d&amp;q=mgops+tykocin\"><strong>85 718 75 08<\/strong><\/a><\/p>\n<p><strong>Gdzie szuka\u0107 informacji o programie ?<\/strong><\/p>\n<ol>\n<li>Szczeg\u00f3\u0142owe informacje na temat Programu Priorytetowego \u201eCzyste Powietrze\u201d<strong>: <\/strong><a href=\"https:\/\/portal.wfosigw.bialystok.pl\/\"><strong>https:\/\/portal.wfosigw.bialystok.pl<\/strong>\/<\/a><\/li>\n<li>Strona Programu: <a href=\"http:\/\/www.czystepowietrze.gov.pl\/\"><strong>czystepowietrze.gov.pl<\/strong><\/a><\/li>\n<li>Kalkulator grubo\u015bci izolacji<strong>:\u00a0<\/strong><a href=\"https:\/\/kalkulatorczystepowietrze.kape.gov.pl\/\"><strong>https:\/\/kalkulatorczystepowietrze.kape.gov.pl\/<\/strong><\/a><\/li>\n<li>Maksymalne dotacje dla poszczeg\u00f3lnych kategorii koszt\u00f3w kwalifikowanych: <a href=\"https:\/\/czystepowietrze.gov.pl\/czyste-powietrze\/#maksymalne-dotacje\"><strong>https:\/\/czystepowietrze.gov.pl\/czyste-powietrze\/#maksymalne-dotacje<\/strong><\/a><\/li>\n<\/ol>\n<p>&nbsp;<\/p>\n<p><a href=\"https:\/\/umtykocin.pl\/mieszkaniec\/wp-content\/uploads\/sites\/4\/2024\/07\/tablica-czyste-powietrze_page_24102025.jpg\"><img loading=\"lazy\" decoding=\"async\" class=\"alignnone wp-image-11303 size-full\" src=\"https:\/\/umtykocin.pl\/mieszkaniec\/wp-content\/uploads\/sites\/4\/2024\/07\/tablica-czyste-powietrze_page_24102025.jpg\" alt=\"\" width=\"1755\" height=\"1241\" srcset=\"https:\/\/umtykocin.pl\/mieszkaniec\/wp-content\/uploads\/sites\/4\/2024\/07\/tablica-czyste-powietrze_page_24102025.jpg 1755w, https:\/\/umtykocin.pl\/mieszkaniec\/wp-content\/uploads\/sites\/4\/2024\/07\/tablica-czyste-powietrze_page_24102025-1280x905.jpg 1280w, https:\/\/umtykocin.pl\/mieszkaniec\/wp-content\/uploads\/sites\/4\/2024\/07\/tablica-czyste-powietrze_page_24102025-980x693.jpg 980w, https:\/\/umtykocin.pl\/mieszkaniec\/wp-content\/uploads\/sites\/4\/2024\/07\/tablica-czyste-powietrze_page_24102025-480x339.jpg 480w\" sizes=\"(min-width: 0px) and (max-width: 480px) 480px, (min-width: 481px) and (max-width: 980px) 980px, (min-width: 981px) and (max-width: 1280px) 1280px, (min-width: 1281px) 1755px, 100vw\" \/><\/a><\/p>\n<p>&nbsp;<\/p>\n<p>&nbsp;<\/p>\n","protected":false},"excerpt":{"rendered":"<p>Gminny Punkt Konsultacyjno \u2013 Informacyjny programu \u201dCzyste Powietrze\u201d Punkt Konsultacyjny ma na celu u\u0142atwienie mieszka\u0144com Gminy Tykocin aplikowanie o dofinansowanie w ramach Programu Priorytetowego \u201eCzyste Powietrze\u201d. Utworzenie punktu jest realizacj\u0105 zawartego porozumienia pomi\u0119dzy Wojew\u00f3dzkim Funduszem Ochrony \u015arodowiska i Gospodarki Wodnej w Bia\u0142ymstoku a Gmin\u0105 Tykocin. W Punkcie Konsultacyjno-Informacyjnym mo\u017cesz: uzyska\u0107 informacje o programie skonsultowa\u0107 swoj\u0105 [&hellip;]<\/p>\n","protected":false},"author":10007,"featured_media":0,"comment_status":"closed","ping_status":"open","sticky":false,"template":"","format":"standard","meta":{"_et_pb_use_builder":"","_et_pb_old_content":"","_et_gb_content_width":"","cybocfi_hide_featured_image":"","footnotes":""},"categories":[1],"tags":[],"class_list":["post-10104","post","type-post","status-publish","format-standard","hentry","category-bez-kategorii","high-contrast"],"_links":{"self":[{"href":"http:\/\/umtykocin.pl\/mieszkaniec\/wp-json\/wp\/v2\/posts\/10104","targetHints":{"allow":["GET"]}}],"collection":[{"href":"http:\/\/umtykocin.pl\/mieszkaniec\/wp-json\/wp\/v2\/posts"}],"about":[{"href":"http:\/\/umtykocin.pl\/mieszkaniec\/wp-json\/wp\/v2\/types\/post"}],"author":[{"embeddable":true,"href":"http:\/\/umtykocin.pl\/mieszkaniec\/wp-json\/wp\/v2\/users\/10007"}],"replies":[{"embeddable":true,"href":"http:\/\/umtykocin.pl\/mieszkaniec\/wp-json\/wp\/v2\/comments?post=10104"}],"version-history":[{"count":16,"href":"http:\/\/umtykocin.pl\/mieszkaniec\/wp-json\/wp\/v2\/posts\/10104\/revisions"}],"predecessor-version":[{"id":11311,"href":"http:\/\/umtykocin.pl\/mieszkaniec\/wp-json\/wp\/v2\/posts\/10104\/revisions\/11311"}],"wp:attachment":[{"href":"http:\/\/umtykocin.pl\/mieszkaniec\/wp-json\/wp\/v2\/media?parent=10104"}],"wp:term":[{"taxonomy":"category","embeddable":true,"href":"http:\/\/umtykocin.pl\/mieszkaniec\/wp-json\/wp\/v2\/categories?post=10104"},{"taxonomy":"post_tag","embeddable":true,"href":"http:\/\/umtykocin.pl\/mieszkaniec\/wp-json\/wp\/v2\/tags?post=10104"}],"curies":[{"name":"wp","href":"https:\/\/api.w.org\/{rel}","templated":true}]}}