{"id":5658,"date":"2020-08-10T09:25:07","date_gmt":"2020-08-10T07:25:07","guid":{"rendered":"http:\/\/umtykocin.pl\/mieszkaniec\/?p=5658"},"modified":"2020-08-10T09:25:07","modified_gmt":"2020-08-10T07:25:07","slug":"przyloz-reke-go-kultury-wyniki","status":"publish","type":"post","link":"http:\/\/umtykocin.pl\/mieszkaniec\/przyloz-reke-go-kultury-wyniki\/","title":{"rendered":"\u201ePrzy\u0142\u00f3\u017c r\u0119k\u0119 go kultury\u201d &#8211; wyniki"},"content":{"rendered":"<p align=\"justify\"><span style=\"color: #000000\"><span style=\"font-family: Times New Roman, serif\"><span style=\"font-size: large\"><span style=\"font-size: x-large\">Najwi\u0119cej g\u0142os\u00f3w zdoby\u0142 projekt Storytellers- Koncert- &#8222;(Nie)Zapomniane Historie. Gratulujemy!<\/span> <\/span><\/span><\/span><\/p>\n<p align=\"justify\"><span style=\"color: #000000\"><span style=\"font-family: Times New Roman, serif\"><span style=\"font-size: large\">Przypominamy, \u017ce inicjatywa polega\u0107 b\u0119dzie na od\u015bwie\u017ceniu, a w przypadku m\u0142odego pokolenia zapoznaniu si\u0119 z tw\u00f3rczo\u015bci\u0105 polskich artyst\u00f3w ubieg\u0142ego wieku. Przed wydarzeniem odb\u0119dzie si\u0119 panel dyskusyjny i wyk\u0142ad na temat: Interpretacja tekstu m\u00f3wionego i czytanego. Podobie\u0144stwa i r\u00f3\u017cnice. <\/span><\/span><\/span><\/p>\n<p align=\"justify\"><span style=\"color: #000000\"><span style=\"font-family: Times New Roman, serif\"><span style=\"font-size: large\">Wi\u0119cej pod:<\/span><\/span><\/span><\/p>\n<p align=\"justify\"><a href=\"https:\/\/pl-pl.facebook.com\/centrumkultury.tykocin\/photos\/a.402888579831883\/3201206296666750\/?type=3&amp;theater\" target=\"_blank\" rel=\"noopener noreferrer\">https:\/\/pl-pl.facebook.com\/centrumkultury.tykocin\/photos\/a.402888579831883\/3201206296666750\/?type=3&amp;theater<\/a><\/p>\n<p align=\"justify\">\n<p align=\"justify\">\n<p align=\"justify\">\n","protected":false},"excerpt":{"rendered":"<p>Najwi\u0119cej g\u0142os\u00f3w zdoby\u0142 projekt Storytellers- Koncert- &#8222;(Nie)Zapomniane Historie. Gratulujemy! Przypominamy, \u017ce inicjatywa polega\u0107 b\u0119dzie na od\u015bwie\u017ceniu, a w przypadku m\u0142odego pokolenia zapoznaniu si\u0119 z tw\u00f3rczo\u015bci\u0105 polskich artyst\u00f3w ubieg\u0142ego wieku. Przed wydarzeniem odb\u0119dzie si\u0119 panel dyskusyjny i wyk\u0142ad na temat: Interpretacja tekstu m\u00f3wionego i czytanego. Podobie\u0144stwa i r\u00f3\u017cnice. Wi\u0119cej pod: https:\/\/pl-pl.facebook.com\/centrumkultury.tykocin\/photos\/a.402888579831883\/3201206296666750\/?type=3&amp;theater<\/p>\n","protected":false},"author":1,"featured_media":5534,"comment_status":"closed","ping_status":"open","sticky":false,"template":"","format":"standard","meta":{"_et_pb_use_builder":"","_et_pb_old_content":"","_et_gb_content_width":"","cybocfi_hide_featured_image":"","footnotes":""},"categories":[99],"tags":[291,3098,1202,2477,3100,1943],"class_list":["post-5658","post","type-post","status-publish","format-standard","has-post-thumbnail","hentry","category-aktualnosci","tag-291","tag-przyloz","tag-go","tag-kultury","tag-reke","tag-wyniki","high-contrast"],"_links":{"self":[{"href":"http:\/\/umtykocin.pl\/mieszkaniec\/wp-json\/wp\/v2\/posts\/5658","targetHints":{"allow":["GET"]}}],"collection":[{"href":"http:\/\/umtykocin.pl\/mieszkaniec\/wp-json\/wp\/v2\/posts"}],"about":[{"href":"http:\/\/umtykocin.pl\/mieszkaniec\/wp-json\/wp\/v2\/types\/post"}],"author":[{"embeddable":true,"href":"http:\/\/umtykocin.pl\/mieszkaniec\/wp-json\/wp\/v2\/users\/1"}],"replies":[{"embeddable":true,"href":"http:\/\/umtykocin.pl\/mieszkaniec\/wp-json\/wp\/v2\/comments?post=5658"}],"version-history":[{"count":6,"href":"http:\/\/umtykocin.pl\/mieszkaniec\/wp-json\/wp\/v2\/posts\/5658\/revisions"}],"predecessor-version":[{"id":5664,"href":"http:\/\/umtykocin.pl\/mieszkaniec\/wp-json\/wp\/v2\/posts\/5658\/revisions\/5664"}],"wp:featuredmedia":[{"embeddable":true,"href":"http:\/\/umtykocin.pl\/mieszkaniec\/wp-json\/wp\/v2\/media\/5534"}],"wp:attachment":[{"href":"http:\/\/umtykocin.pl\/mieszkaniec\/wp-json\/wp\/v2\/media?parent=5658"}],"wp:term":[{"taxonomy":"category","embeddable":true,"href":"http:\/\/umtykocin.pl\/mieszkaniec\/wp-json\/wp\/v2\/categories?post=5658"},{"taxonomy":"post_tag","embeddable":true,"href":"http:\/\/umtykocin.pl\/mieszkaniec\/wp-json\/wp\/v2\/tags?post=5658"}],"curies":[{"name":"wp","href":"https:\/\/api.w.org\/{rel}","templated":true}]}}