{"id":5665,"date":"2020-08-10T09:35:31","date_gmt":"2020-08-10T07:35:31","guid":{"rendered":"http:\/\/umtykocin.pl\/mieszkaniec\/?p=5665"},"modified":"2020-08-10T09:42:33","modified_gmt":"2020-08-10T07:42:33","slug":"czas-na-tradycje-tykocin","status":"publish","type":"post","link":"http:\/\/umtykocin.pl\/mieszkaniec\/czas-na-tradycje-tykocin\/","title":{"rendered":"&#8222;Czas na Tradycj\u0119 &#8211; Tykocin&#8221;"},"content":{"rendered":"<p align=\"justify\"><span style=\"color: #1c1e21\"><span style=\"font-family: Times New Roman, serif\"><span style=\"font-size: large\">Powiat Bia\u0142ostocki przygotowa\u0142 \u015bwietny materia\u0142 filmowy z projektu &#8222;Czas na Tradycj\u0119&#8221;, maj\u0105cego na celu promocj\u0119 lokalnych tradycji.<\/span><\/span><\/span><\/p>\n<p align=\"justify\"><span style=\"color: #1c1e21\"><span style=\"font-family: Times New Roman, serif\"><span style=\"font-size: large\">Dzi\u0119kujemy Panu staro\u015bcie Janowi Perkowskiemu oraz wicestaro\u015bcie Romanowi Czepe za odwiedzenie Tykocina, a Burmistrzowi Tykocina Mariuszowi Dudzi\u0144skiemu i radnemu powiatowemu z naszej gminy Adamowi Backielowi za godne reprezentowanie miasta!<\/span><\/span><\/span><\/p>\n<p><iframe loading=\"lazy\" title=\"Czas Na Tradycj\u0119 - Tykocin\" width=\"1080\" height=\"608\" src=\"https:\/\/www.youtube.com\/embed\/ECEFycTYJS0?feature=oembed\"  allow=\"accelerometer; autoplay; clipboard-write; encrypted-media; gyroscope; picture-in-picture\" allowfullscreen><\/iframe><\/p>\n","protected":false},"excerpt":{"rendered":"<p>Powiat Bia\u0142ostocki przygotowa\u0142 \u015bwietny materia\u0142 filmowy z projektu &#8222;Czas na Tradycj\u0119&#8221;, maj\u0105cego na celu promocj\u0119 lokalnych tradycji. Dzi\u0119kujemy Panu staro\u015bcie Janowi Perkowskiemu oraz wicestaro\u015bcie Romanowi Czepe za odwiedzenie Tykocina, a Burmistrzowi Tykocina Mariuszowi Dudzi\u0144skiemu i radnemu powiatowemu z naszej gminy Adamowi Backielowi za godne reprezentowanie miasta!<\/p>\n","protected":false},"author":1,"featured_media":5666,"comment_status":"closed","ping_status":"open","sticky":false,"template":"","format":"standard","meta":{"_et_pb_use_builder":"","_et_pb_old_content":"","_et_gb_content_width":"","cybocfi_hide_featured_image":"","footnotes":""},"categories":[99],"tags":[291,1437,343,3258,479],"class_list":["post-5665","post","type-post","status-publish","format-standard","has-post-thumbnail","hentry","category-aktualnosci","tag-291","tag-czas","tag-na","tag-tradycje","tag-tykocin","high-contrast"],"_links":{"self":[{"href":"http:\/\/umtykocin.pl\/mieszkaniec\/wp-json\/wp\/v2\/posts\/5665","targetHints":{"allow":["GET"]}}],"collection":[{"href":"http:\/\/umtykocin.pl\/mieszkaniec\/wp-json\/wp\/v2\/posts"}],"about":[{"href":"http:\/\/umtykocin.pl\/mieszkaniec\/wp-json\/wp\/v2\/types\/post"}],"author":[{"embeddable":true,"href":"http:\/\/umtykocin.pl\/mieszkaniec\/wp-json\/wp\/v2\/users\/1"}],"replies":[{"embeddable":true,"href":"http:\/\/umtykocin.pl\/mieszkaniec\/wp-json\/wp\/v2\/comments?post=5665"}],"version-history":[{"count":2,"href":"http:\/\/umtykocin.pl\/mieszkaniec\/wp-json\/wp\/v2\/posts\/5665\/revisions"}],"predecessor-version":[{"id":5668,"href":"http:\/\/umtykocin.pl\/mieszkaniec\/wp-json\/wp\/v2\/posts\/5665\/revisions\/5668"}],"wp:featuredmedia":[{"embeddable":true,"href":"http:\/\/umtykocin.pl\/mieszkaniec\/wp-json\/wp\/v2\/media\/5666"}],"wp:attachment":[{"href":"http:\/\/umtykocin.pl\/mieszkaniec\/wp-json\/wp\/v2\/media?parent=5665"}],"wp:term":[{"taxonomy":"category","embeddable":true,"href":"http:\/\/umtykocin.pl\/mieszkaniec\/wp-json\/wp\/v2\/categories?post=5665"},{"taxonomy":"post_tag","embeddable":true,"href":"http:\/\/umtykocin.pl\/mieszkaniec\/wp-json\/wp\/v2\/tags?post=5665"}],"curies":[{"name":"wp","href":"https:\/\/api.w.org\/{rel}","templated":true}]}}