{"id":10007,"date":"2024-06-07T15:04:37","date_gmt":"2024-06-07T13:04:37","guid":{"rendered":"http:\/\/umtykocin.pl\/mieszkaniec\/?p=10007"},"modified":"2024-06-07T15:04:37","modified_gmt":"2024-06-07T13:04:37","slug":"kontrola-segregacji-odpadow-komunalnych-oraz-zbiornikow-bezodplywowych-szamb","status":"publish","type":"post","link":"https:\/\/umtykocin.pl\/mieszkaniec\/kontrola-segregacji-odpadow-komunalnych-oraz-zbiornikow-bezodplywowych-szamb\/","title":{"rendered":"Kontrola segregacji odpad\u00f3w komunalnych oraz zbiornik\u00f3w bezodp\u0142ywowych (szamb)"},"content":{"rendered":"<p>Urz\u0105d Miejski w Tykocinie informuje, \u017ce rozpocz\u0119\u0142y si\u0119 kontrole w zakresie przestrzegania przez mieszka\u0144c\u00f3w naszej Gminy zasad segregacji odpad\u00f3w komunalnych. Pracownicy Urz\u0119du i Gminnego Zak\u0142adu Gospodarki Komunalnej b\u0119d\u0105 sprawdza\u0107, czy w pojemnikach na odpady zmieszane nie znajduj\u0105 si\u0119 inne frakcje odpad\u00f3w, kt\u00f3re podlegaj\u0105 selektywnej zbi\u00f3rce( tj. papier, plastik, szk\u0142o, metal, przeterminowane leki, zu\u017cyte baterie, zu\u017cyty sprz\u0119t RTV i AGD, odpady budowlane, odpady wielkogabarytowe, zu\u017cyte opony, odpady ulegaj\u0105ce biodegradacji), pojemniki i worki do selektywnej zbi\u00f3rki pod k\u0105tem gromadzenia w nich odpad\u00f3w zgodnie z ich przeznaczeniem oraz ilo\u015b\u0107\u00a0 i pojemno\u015b\u0107 zadeklarowanych pojemnik\u00f3w zgodnie ze z\u0142o\u017con\u0105 deklaracj\u0105. Kontrolowane b\u0119d\u0105 r\u00f3wnie\u017c zbiorniki bezodp\u0142ywowe\u00a0 (szamba) pod k\u0105tem posiadanych um\u00f3w i dokument\u00f3w potwierdzaj\u0105cych wyw\u00f3z nieczysto\u015bci ciek\u0142ych (faktur).<\/p>\n<p>Kontrola dotyczy zar\u00f3wno mieszka\u0144c\u00f3w jak r\u00f3wnie\u017c dzia\u0142alno\u015bci gospodarczych dzia\u0142aj\u0105cych na terenie Gminy Tykocin.<\/p>\n<p>Prawid\u0142owa segregacja ma wp\u0142yw na zmniejszenie ilo\u015bci odpad\u00f3w zmieszanych, co przek\u0142ada si\u0119 na zmniejszenie ponoszonych koszt\u00f3w.<\/p>\n<p>Wi\u0119ksza ilo\u015b\u0107 odpad\u00f3w zmieszanych odebrana od mieszka\u0144c\u00f3w spowoduje wzrost stawek op\u0142aty za odpady.<\/p>\n<p><strong>Przypominamy, ze selektywna zbi\u00f3rka odpad\u00f3w komunalnych dotyczy wszystkich w\u0142a\u015bcicieli nieruchomo\u015bci i jest obowi\u0105zkowa.<\/strong><\/p>\n<p>W przypadku stwierdzenia, \u017ce odpady zbierane s\u0105 w spos\u00f3b niezgodny z zasadami segregacji, nie b\u0119d\u0105 odbierane przez firm\u0119 realizuj\u0105c\u0105 us\u0142ug\u0119 odbioru odpad\u00f3w z terenu naszej gminy. Pojemniki zostan\u0105 oznaczone specjaln\u0105 naklejk\u0105:<\/p>\n<p><img loading=\"lazy\" decoding=\"async\" class=\"alignnone size-medium wp-image-10009\" src=\"http:\/\/umtykocin.pl\/mieszkaniec\/wp-content\/uploads\/sites\/4\/2024\/06\/ACTUAL-DESIGN-This-is-what-we-publish-300x300.png\" alt=\"\" width=\"300\" height=\"300\" \/><\/p>\n<p>Oznacza to, \u017ce konieczna jest prawid\u0142owa segregacja polegaj\u0105ca na umieszczeniu odpad\u00f3w w worku lub pojemniku odpowiednim dla danej frakcji. Prawid\u0142owo posegregowane frakcje zostan\u0105 odebrane przez firm\u0119 wywozow\u0105 podczas kolejnego odbioru, kt\u00f3ry odb\u0119dzie si\u0119 zgodnie z harmonogramem. Natomiast odpady, kt\u00f3re nie s\u0105 odbierane podczas regularnych kurs\u00f3w, nale\u017cy usun\u0105\u0107 i zagospodarowa\u0107 zgodnie z obowi\u0105zuj\u0105cymi przepisami prawa.<\/p>\n<p>Ponowne stwierdzenie braku segregacji lub nieprawid\u0142owego jej prowadzenia skutkowa\u0107 b\u0119dzie wszcz\u0119ciem post\u0119powania administracyjnego w celu naliczenia wy\u017cszej op\u0142aty- za nieprawid\u0142ow\u0105 segregacj\u0119. <strong>Podwy\u017cszona stawka op\u0142aty wynosi 54 z\u0142 za osob\u0119 \/miesi\u0105c.<\/strong><\/p>\n<p>Powy\u017csze dzia\u0142ania maj\u0105 na celu\u00a0 osi\u0105gni\u0119cie wymaganego za dany rok poziomu przygotowania do ponownego u\u017cycia i recyklingu odpad\u00f3w komunalnych. Obowi\u0105zek ten nak\u0142ada na gminy Ustawa z dnia 13 wrze\u015bnia 1996 r. o utrzymaniu czysto\u015bci i porz\u0105dku w gminach (t.j. Dz. U. z 2024 r. poz. 399) art. 3b.<\/p>\n<p><strong>Podczas przeprowadzanych kontroli nieruchomo\u015bci wyposa\u017conych w zbiorniki bezodp\u0142ywowe oraz przydomowe oczyszczalnie \u015bciek\u00f3w sprawdzane s\u0105\u00a0nast\u0119puj\u0105ce dokumenty:<\/strong><\/p>\n<p><strong>\u2013 \u00a0umowa z\u00a0firm\u0105 zajmuj\u0105c\u0105 \u00a0si\u0119 wywozem nieczysto\u015bci ciek\u0142ych lub osad\u00f3w z\u00a0przydomowych oczyszczalni \u015bciek\u00f3w,<\/strong><\/p>\n<p><strong>\u2013 dokumenty potwierdzaj\u0105ce regularny odbi\u00f3r tych nieczysto\u015bci (faktury) z ostatnich 12 miesi\u0119cy<\/strong><\/p>\n<p><strong>Nielegalne wylewanie zawarto\u015bci szamba na dzia\u0142k\u0119, pole czy dowoln\u0105 nieruchomo\u015b\u0107 \u2013 w\u0142asn\u0105 lub cudz\u0105, jest dzia\u0142aniem karalnym. Utrudnianie kontroli b\u0105d\u017a odmowa okazania umowy lub rachunk\u00f3w za regularne opr\u00f3\u017cnianie szamba mo\u017ce skutkowa\u0107 na\u0142o\u017ceniem kary w wysoko\u015bci od 500 z\u0142 do 5 000 z\u0142.<\/strong><\/p>\n","protected":false},"excerpt":{"rendered":"<p>Urz\u0105d Miejski w Tykocinie informuje, \u017ce rozpocz\u0119\u0142y si\u0119 kontrole w zakresie przestrzegania przez mieszka\u0144c\u00f3w naszej Gminy zasad segregacji odpad\u00f3w komunalnych. Pracownicy Urz\u0119du i Gminnego Zak\u0142adu Gospodarki Komunalnej b\u0119d\u0105 sprawdza\u0107, czy w pojemnikach na odpady zmieszane nie znajduj\u0105 si\u0119 inne frakcje odpad\u00f3w, kt\u00f3re podlegaj\u0105 selektywnej zbi\u00f3rce( tj. papier, plastik, szk\u0142o, metal, przeterminowane leki, zu\u017cyte baterie, zu\u017cyty [&hellip;]<\/p>\n","protected":false},"author":10014,"featured_media":10010,"comment_status":"closed","ping_status":"open","sticky":false,"template":"","format":"standard","meta":{"_et_pb_use_builder":"","_et_pb_old_content":"","_et_gb_content_width":"","cybocfi_hide_featured_image":"","footnotes":""},"categories":[99,165],"tags":[357,439],"class_list":["post-10007","post","type-post","status-publish","format-standard","has-post-thumbnail","hentry","category-aktualnosci","category-gospodarka-odpadami-komunalnymi","tag-informacja","tag-komunikat","high-contrast"],"_links":{"self":[{"href":"https:\/\/umtykocin.pl\/mieszkaniec\/wp-json\/wp\/v2\/posts\/10007","targetHints":{"allow":["GET"]}}],"collection":[{"href":"https:\/\/umtykocin.pl\/mieszkaniec\/wp-json\/wp\/v2\/posts"}],"about":[{"href":"https:\/\/umtykocin.pl\/mieszkaniec\/wp-json\/wp\/v2\/types\/post"}],"author":[{"embeddable":true,"href":"https:\/\/umtykocin.pl\/mieszkaniec\/wp-json\/wp\/v2\/users\/10014"}],"replies":[{"embeddable":true,"href":"https:\/\/umtykocin.pl\/mieszkaniec\/wp-json\/wp\/v2\/comments?post=10007"}],"version-history":[{"count":1,"href":"https:\/\/umtykocin.pl\/mieszkaniec\/wp-json\/wp\/v2\/posts\/10007\/revisions"}],"predecessor-version":[{"id":10011,"href":"https:\/\/umtykocin.pl\/mieszkaniec\/wp-json\/wp\/v2\/posts\/10007\/revisions\/10011"}],"wp:featuredmedia":[{"embeddable":true,"href":"https:\/\/umtykocin.pl\/mieszkaniec\/wp-json\/wp\/v2\/media\/10010"}],"wp:attachment":[{"href":"https:\/\/umtykocin.pl\/mieszkaniec\/wp-json\/wp\/v2\/media?parent=10007"}],"wp:term":[{"taxonomy":"category","embeddable":true,"href":"https:\/\/umtykocin.pl\/mieszkaniec\/wp-json\/wp\/v2\/categories?post=10007"},{"taxonomy":"post_tag","embeddable":true,"href":"https:\/\/umtykocin.pl\/mieszkaniec\/wp-json\/wp\/v2\/tags?post=10007"}],"curies":[{"name":"wp","href":"https:\/\/api.w.org\/{rel}","templated":true}]}}