{"id":10204,"date":"2024-08-23T12:29:56","date_gmt":"2024-08-23T10:29:56","guid":{"rendered":"http:\/\/umtykocin.pl\/mieszkaniec\/?p=10204"},"modified":"2024-08-23T12:29:56","modified_gmt":"2024-08-23T10:29:56","slug":"swiadczenie-pieniezne-z-tytulu-pelnienia-funkcji-soltysa-wedlug-nowych-zasad","status":"publish","type":"post","link":"https:\/\/umtykocin.pl\/mieszkaniec\/swiadczenie-pieniezne-z-tytulu-pelnienia-funkcji-soltysa-wedlug-nowych-zasad\/","title":{"rendered":"\u015awiadczenie pieni\u0119\u017cne z tytu\u0142u pe\u0142nienia funkcji so\u0142tysa wed\u0142ug nowych zasad"},"content":{"rendered":"<p>Kasa Rolniczego Ubezpieczenia Spo\u0142ecznego Oddzia\u0142 Regionalny w Bia\u0142ymstoku informuje, \u017ce od 16 wrze\u015bnia 2024 r. \u015bwiadczenie pieni\u0119\u017cne z tytu\u0142u pe\u0142nienia funkcji so\u0142tysa b\u0119dzie przyznawane na nowych zasadach. Celem \u015bwiadczenia jest uhonorowanie so\u0142tys\u00f3w za zaanga\u017cowanie w prac\u0119 spo\u0142eczn\u0105 i zas\u0142ugi na rzecz spo\u0142eczno\u015bci lokalnej.<\/p>\n<p>W wyniku nowelizacji przepis\u00f3w przede wszystkim rozszerzony zostanie kr\u0105g os\u00f3b, kt\u00f3re mog\u0105 uzyska\u0107 prawo do \u015bwiadczenia z tytu\u0142u pe\u0142nienia funkcji so\u0142tysa. Nowe rozwi\u0105zania skracaj\u0105 okres pe\u0142nienia powy\u017cszej funkcji uprawniaj\u0105cy do uzyskania \u015bwiadczenia z 8 do 7 lat oraz znosz\u0105 wym\u00f3g pe\u0142nienia funkcji so\u0142tysa przez co najmniej dwie kadencje i wym\u00f3g pe\u0142nienia tej funkcji na podstawie ustawy z 8 marca 1990 r. o samorz\u0105dzie gminnym.<\/p>\n<p>Od 16 wrze\u015bnia 2024 r. \u015bwiadczenie pieni\u0119\u017cne z tytu\u0142u pe\u0142nienia funkcji so\u0142tysa uzyskaj\u0105 wi\u0119c osoby, kt\u00f3re:<\/p>\n<ul>\n<li>pe\u0142ni\u0142y funkcj\u0119 so\u0142tysa przez okres co najmniej 7 lat (bez wzgl\u0119du na to czy powy\u017csza funkcja\u00a0by\u0142a pe\u0142niona przed czy po 1990 r.),<\/li>\n<li>uzyska\u0142y odpowiedni wiek: w przypadku kobiet 60 lat, za\u015b w przypadku m\u0119\u017cczyzn<br \/>\n65 lat,<\/li>\n<li>nie by\u0142y skazane prawomocnym wyrokiem za przest\u0119pstwo lub przest\u0119pstwo skarbowe pope\u0142nione w zwi\u0105zku z pe\u0142nieniem funkcji so\u0142tysa.<\/li>\n<\/ul>\n<p>Wniosek o ustalenie prawa do \u015bwiadczenia pieni\u0119\u017cnego z tytu\u0142u pe\u0142nienia funkcji so\u0142tysa nale\u017cy z\u0142o\u017cy\u0107 w oddziale regionalnym albo plac\u00f3wce terenowej Kasy Rolniczego Ubezpieczenia Spo\u0142ecznego w\u0142a\u015bciwych ze wzgl\u0119du na miejsce zamieszkania.<\/p>\n<p>Do wniosku o przyznanie \u015bwiadczenia nale\u017cy do\u0142\u0105czy\u0107 za\u015bwiadczenie wydane przez w\u00f3jta (burmistrza, prezydenta miasta) w\u0142a\u015bciwego dla so\u0142ectwa, w kt\u00f3rym wnioskodawca pe\u0142ni\u0142 funkcj\u0119 so\u0142tysa, potwierdzaj\u0105ce okres pe\u0142nienia tej funkcji oraz o\u015bwiadczenie wnioskodawcy o niekaralno\u015bci za przest\u0119pstwo lub przest\u0119pstwo skarbowe pope\u0142nione w zwi\u0105zku z pe\u0142nieniem funkcji so\u0142tysa. Je\u017celi w\u00f3jt (burmistrz, prezydent miasta) nie dysponuje danymi potwierdzaj\u0105cymi okres pe\u0142nienia przez wnioskodawc\u0119 funkcji so\u0142tysa, wydaje postanowienie o odmowie wydania za\u015bwiadczenia ze wzgl\u0119du na brak danych potwierdzaj\u0105cych okres pe\u0142nienia funkcji. Postanowienie to nale\u017cy do\u0142\u0105czy\u0107 do wniosku o przyznanie \u015bwiadczenia.<br \/>\nW tym przypadku nowelizacja ustawy wprowadza tak\u017ce zmiany. Za\u015bwiadczenie b\u0119dzie mog\u0142o by\u0107 zast\u0105pione pisemnym o\u015bwiadczeniem z\u0142o\u017conym przez wnioskodawc\u0119 o spe\u0142nieniu tego wymogu, potwierdzonym pisemnymi o\u015bwiadczeniami z\u0142o\u017conymi przez co najmniej 3 osoby (do tej pory by\u0142o to min. 5 os\u00f3b) zamieszkuj\u0105cymi w so\u0142ectwie w czasie, w kt\u00f3rym wnioskodawca pe\u0142ni\u0142 w nim funkcj\u0119 so\u0142tysa.<\/p>\n<p>Wniosek o \u015bwiadczenie powinny z\u0142o\u017cy\u0107 r\u00f3wnie\u017c te osoby, kt\u00f3re ju\u017c wcze\u015bniej sk\u0142ada\u0142y w KRUS wniosek, ale otrzyma\u0142y decyzj\u0119 odmawiaj\u0105c\u0105 \u2013 zgodnie z obowi\u0105zuj\u0105cymi w\u00f3wczas przepisami, np. z uwagi na pe\u0142nienie funkcji so\u0142tysa przez okres kr\u00f3tszy ni\u017c wymagane dotychczas 8 lat czy te\u017c pe\u0142nienie tej funkcji wy\u0142\u0105cznie przed wej\u015bciem w \u017cycie ustawy o samorz\u0105dzie gminnym.<\/p>\n<p>\u015awiadczenie w kwocie 336 z\u0142 36 gr wg znowelizowanych przepis\u00f3w przyznawane b\u0119dzie od daty spe\u0142nienia wszystkich warunk\u00f3w, ale nie wcze\u015bniej ni\u017c od wej\u015bcia w \u017cycie zmiany do ustawy i nie\u00a0wcze\u015bniej ni\u017c od miesi\u0105ca z\u0142o\u017cenia wniosku o to \u015bwiadczenie (zasady te dotycz\u0105 r\u00f3wnie\u017c os\u00f3b,\u00a0kt\u00f3re otrzyma\u0142y decyzj\u0119 odmawiaj\u0105c\u0105 i ponownie wyst\u0105pi\u0105 z wnioskiem).<\/p>\n","protected":false},"excerpt":{"rendered":"<p>Kasa Rolniczego Ubezpieczenia Spo\u0142ecznego Oddzia\u0142 Regionalny w Bia\u0142ymstoku informuje, \u017ce od 16 wrze\u015bnia 2024 r. \u015bwiadczenie pieni\u0119\u017cne z tytu\u0142u pe\u0142nienia funkcji so\u0142tysa b\u0119dzie przyznawane na nowych zasadach. Celem \u015bwiadczenia jest uhonorowanie so\u0142tys\u00f3w za zaanga\u017cowanie w prac\u0119 spo\u0142eczn\u0105 i zas\u0142ugi na rzecz spo\u0142eczno\u015bci lokalnej. W wyniku nowelizacji przepis\u00f3w przede wszystkim rozszerzony zostanie kr\u0105g os\u00f3b, kt\u00f3re mog\u0105 [&hellip;]<\/p>\n","protected":false},"author":10015,"featured_media":1705,"comment_status":"closed","ping_status":"open","sticky":false,"template":"","format":"standard","meta":{"_et_pb_use_builder":"","_et_pb_old_content":"","_et_gb_content_width":"","cybocfi_hide_featured_image":"","footnotes":""},"categories":[99,113,1238],"tags":[],"class_list":["post-10204","post","type-post","status-publish","format-standard","has-post-thumbnail","hentry","category-aktualnosci","category-senior","category-seniorzy","high-contrast"],"_links":{"self":[{"href":"https:\/\/umtykocin.pl\/mieszkaniec\/wp-json\/wp\/v2\/posts\/10204","targetHints":{"allow":["GET"]}}],"collection":[{"href":"https:\/\/umtykocin.pl\/mieszkaniec\/wp-json\/wp\/v2\/posts"}],"about":[{"href":"https:\/\/umtykocin.pl\/mieszkaniec\/wp-json\/wp\/v2\/types\/post"}],"author":[{"embeddable":true,"href":"https:\/\/umtykocin.pl\/mieszkaniec\/wp-json\/wp\/v2\/users\/10015"}],"replies":[{"embeddable":true,"href":"https:\/\/umtykocin.pl\/mieszkaniec\/wp-json\/wp\/v2\/comments?post=10204"}],"version-history":[{"count":1,"href":"https:\/\/umtykocin.pl\/mieszkaniec\/wp-json\/wp\/v2\/posts\/10204\/revisions"}],"predecessor-version":[{"id":10205,"href":"https:\/\/umtykocin.pl\/mieszkaniec\/wp-json\/wp\/v2\/posts\/10204\/revisions\/10205"}],"wp:featuredmedia":[{"embeddable":true,"href":"https:\/\/umtykocin.pl\/mieszkaniec\/wp-json\/wp\/v2\/media\/1705"}],"wp:attachment":[{"href":"https:\/\/umtykocin.pl\/mieszkaniec\/wp-json\/wp\/v2\/media?parent=10204"}],"wp:term":[{"taxonomy":"category","embeddable":true,"href":"https:\/\/umtykocin.pl\/mieszkaniec\/wp-json\/wp\/v2\/categories?post=10204"},{"taxonomy":"post_tag","embeddable":true,"href":"https:\/\/umtykocin.pl\/mieszkaniec\/wp-json\/wp\/v2\/tags?post=10204"}],"curies":[{"name":"wp","href":"https:\/\/api.w.org\/{rel}","templated":true}]}}