{"id":10330,"date":"2024-10-15T11:32:57","date_gmt":"2024-10-15T09:32:57","guid":{"rendered":"http:\/\/umtykocin.pl\/mieszkaniec\/?p=10330"},"modified":"2024-10-15T11:32:57","modified_gmt":"2024-10-15T09:32:57","slug":"komunikat-do-wlascicieli-i-zarzadcow-budynkow-w-zwiazku-z-rozpoczeciem-sezonu-ogrzewczego-2024-2025","status":"publish","type":"post","link":"https:\/\/umtykocin.pl\/mieszkaniec\/komunikat-do-wlascicieli-i-zarzadcow-budynkow-w-zwiazku-z-rozpoczeciem-sezonu-ogrzewczego-2024-2025\/","title":{"rendered":"Komunikat do w\u0142a\u015bcicieli i zarz\u0105dc\u00f3w budynk\u00f3w w zwi\u0105zku z rozpocz\u0119ciem sezonu ogrzewczego 2024\/2025"},"content":{"rendered":"<p>Szanowni Pa\u0144stwo, zach\u0119camy do zapoznania si\u0119 z za\u0142\u0105cznikiem znajduj\u0105cym si\u0119 poni\u017cej, zawieraj\u0105cy komunikat do w\u0142a\u015bcicieli i zarz\u0105dc\u00f3w budynk\u00f3w w zwi\u0105zku z rozpocz\u0119ciem sezonu ogrzewczego 2024\/2025 oraz zestawieniem najcz\u0119\u015bciej wyst\u0119puj\u0105cych przyczyn po\u017car\u00f3w.\u00a0 Dbajmy wsp\u00f3lnie o bezpiecze\u0144stwo, zapobiegajmy po\u017carom sadzy w kominie i zatruciom tlenkiem w\u0119gla, zwanym potocznie czadem.<br \/>\n<a href=\"http:\/\/umtykocin.pl\/mieszkaniec\/wp-content\/uploads\/sites\/4\/2024\/10\/komunikat-prezesa-krajowej-izby-kominiarzy-2024.doc\">Komunikat Prezesa Krajowej Izby Kominiarzy 2024 <\/a><\/p>\n<p><img loading=\"lazy\" decoding=\"async\" class=\"alignnone wp-image-10331 size-large\" src=\"http:\/\/umtykocin.pl\/mieszkaniec\/wp-content\/uploads\/sites\/4\/2024\/10\/ddd_page-00011-1024x724.jpg\" alt=\"\" width=\"1024\" height=\"724\" srcset=\"http:\/\/umtykocin.pl\/mieszkaniec\/wp-content\/uploads\/sites\/4\/2024\/10\/ddd_page-00011-980x693.jpg 980w, http:\/\/umtykocin.pl\/mieszkaniec\/wp-content\/uploads\/sites\/4\/2024\/10\/ddd_page-00011-480x339.jpg 480w\" sizes=\"(min-width: 0px) and (max-width: 480px) 480px, (min-width: 481px) and (max-width: 980px) 980px, (min-width: 981px) 1024px, 100vw\" \/><\/p>\n","protected":false},"excerpt":{"rendered":"<p>Szanowni Pa\u0144stwo, zach\u0119camy do zapoznania si\u0119 z za\u0142\u0105cznikiem znajduj\u0105cym si\u0119 poni\u017cej, zawieraj\u0105cy komunikat do w\u0142a\u015bcicieli i zarz\u0105dc\u00f3w budynk\u00f3w w zwi\u0105zku z rozpocz\u0119ciem sezonu ogrzewczego 2024\/2025 oraz zestawieniem najcz\u0119\u015bciej wyst\u0119puj\u0105cych przyczyn po\u017car\u00f3w.\u00a0 Dbajmy wsp\u00f3lnie o bezpiecze\u0144stwo, zapobiegajmy po\u017carom sadzy w kominie i zatruciom tlenkiem w\u0119gla, zwanym potocznie czadem. Komunikat Prezesa Krajowej Izby Kominiarzy 2024<\/p>\n","protected":false},"author":10015,"featured_media":10332,"comment_status":"closed","ping_status":"open","sticky":false,"template":"","format":"standard","meta":{"_et_pb_use_builder":"","_et_pb_old_content":"","_et_gb_content_width":"","cybocfi_hide_featured_image":"","footnotes":""},"categories":[99,3554],"tags":[],"class_list":["post-10330","post","type-post","status-publish","format-standard","has-post-thumbnail","hentry","category-aktualnosci","category-bezpieczenstwo","high-contrast"],"_links":{"self":[{"href":"https:\/\/umtykocin.pl\/mieszkaniec\/wp-json\/wp\/v2\/posts\/10330","targetHints":{"allow":["GET"]}}],"collection":[{"href":"https:\/\/umtykocin.pl\/mieszkaniec\/wp-json\/wp\/v2\/posts"}],"about":[{"href":"https:\/\/umtykocin.pl\/mieszkaniec\/wp-json\/wp\/v2\/types\/post"}],"author":[{"embeddable":true,"href":"https:\/\/umtykocin.pl\/mieszkaniec\/wp-json\/wp\/v2\/users\/10015"}],"replies":[{"embeddable":true,"href":"https:\/\/umtykocin.pl\/mieszkaniec\/wp-json\/wp\/v2\/comments?post=10330"}],"version-history":[{"count":1,"href":"https:\/\/umtykocin.pl\/mieszkaniec\/wp-json\/wp\/v2\/posts\/10330\/revisions"}],"predecessor-version":[{"id":10334,"href":"https:\/\/umtykocin.pl\/mieszkaniec\/wp-json\/wp\/v2\/posts\/10330\/revisions\/10334"}],"wp:featuredmedia":[{"embeddable":true,"href":"https:\/\/umtykocin.pl\/mieszkaniec\/wp-json\/wp\/v2\/media\/10332"}],"wp:attachment":[{"href":"https:\/\/umtykocin.pl\/mieszkaniec\/wp-json\/wp\/v2\/media?parent=10330"}],"wp:term":[{"taxonomy":"category","embeddable":true,"href":"https:\/\/umtykocin.pl\/mieszkaniec\/wp-json\/wp\/v2\/categories?post=10330"},{"taxonomy":"post_tag","embeddable":true,"href":"https:\/\/umtykocin.pl\/mieszkaniec\/wp-json\/wp\/v2\/tags?post=10330"}],"curies":[{"name":"wp","href":"https:\/\/api.w.org\/{rel}","templated":true}]}}