{"id":10347,"date":"2024-10-22T15:07:49","date_gmt":"2024-10-22T13:07:49","guid":{"rendered":"http:\/\/umtykocin.pl\/mieszkaniec\/?p=10347"},"modified":"2024-10-22T15:07:49","modified_gmt":"2024-10-22T13:07:49","slug":"komunikat-miedzywojewodzkiego-cechu-kominiarzy-do-wlascicieli-zarzadcow-i-uzytkownikow-budynkow-w-zwiazku-z-kampania-spoleczna-sadza-plonie-czad-zabija-zyj","status":"publish","type":"post","link":"https:\/\/umtykocin.pl\/mieszkaniec\/komunikat-miedzywojewodzkiego-cechu-kominiarzy-do-wlascicieli-zarzadcow-i-uzytkownikow-budynkow-w-zwiazku-z-kampania-spoleczna-sadza-plonie-czad-zabija-zyj\/","title":{"rendered":"Komunikat Mi\u0119dzywojew\u00f3dzkiego Cechu Kominiarzy do w\u0142a\u015bcicieli, zarz\u0105dc\u00f3w i u\u017cytkownik\u00f3w budynk\u00f3w w zwi\u0105zku z kampani\u0105 spo\u0142eczn\u0105 \u201eSadza p\u0142onie. Czad zabija. \u017byj! &#8222;"},"content":{"rendered":"<p>Kampania spo\u0142eczna &#8222;Sadza p\u0142onie. Czad zabija. \u017byj! &#8221; organizowana przez Mi\u0119dzywojew\u00f3dzki Cech Kominiarzy pod Honorowym Patronatem Komendanta G\u0142\u00f3wnego<br \/>\nPa\u0144stwowej Stra\u017cy Po\u017carnej, G\u0142\u00f3wnego Urz\u0119du Nadzoru Budowlanego, Zwi\u0105zku Rzemios\u0142a Polskiego jest kontynuacj\u0105 poprzednich kampanii spo\u0142ecznych \u201eCzyszczone<br \/>\nkominy to mniejszy smog\u201d oraz &#8222;Zapro\u015b kominiarza&#8221;.<\/p>\n<p>Podsumowanie poprzedniej edycji Kampanii Spo\u0142ecznej \u201eSadza p\u0142onie. Czad zabija. \u017byj!\u201d odby\u0142o si\u0119 w maju 2024 r. w Ryglicach podczas III Og\u00f3lnopolskiego Kongresu Kominiarzy.Ryglice to zag\u0142\u0119bie producent\u00f3w wyrob\u00f3w z drewna, gdzie pozosta\u0142o\u015bci po produkcji s\u0105 wykorzystywane jako biomasa \u2013 odnawialne \u017ar\u00f3d\u0142o energii.<\/p>\n<p>Tegoroczna edycja organizowana jest we wsp\u00f3\u0142pracy z innymi organizacjami kominiarskimi :<br \/>\n&#8211; Krajow\u0105 Izb\u0105 Kominiarzy,<br \/>\n&#8211; Korporacj\u0105 Mistrz\u00f3w Kominiarskich Wojew\u00f3dztwa \u015al\u0105skiego,<br \/>\n&#8211; Kominiarsk\u0105 Fundacj\u0105 Ochrony Przeciwpo\u017carowej i Ochrony \u015arodowiska,<br \/>\n&#8211; Cechem Kominiarzy Dolno\u015bl\u0105skiej Izby Rzemie\u015blniczej.<\/p>\n<p>Celem kampanii spo\u0142ecznej &#8222;Sadza p\u0142onie. Czad zabija. \u017byj! &#8221; jest eliminacja niebezpiecze\u0144stw zwi\u0105zanych ze smogiem, zaczadzeniami i po\u017carami, kt\u00f3rych g\u0142\u00f3wn\u0105 przyczyn\u0105 s\u0105 \u017ale eksploatowane lub zaniedbane przewody kominowe i urz\u0105dzenia grzewcze.<\/p>\n<p>Podsumowanie obecnej Kampanii Spo\u0142ecznej \u201eSadza p\u0142onie. Czad zabija. \u017byj!\u201d odb\u0119dzie si\u0119 w maju 2025 r. w Ryglicach podczas IV Og\u00f3lnopolskiego Kongresu Kominiarzy.<\/p>\n<p>Zach\u0119camy do dok\u0142adnego zapoznania si\u0119 z komunikatem Prezesa Krajowej Izby Kominiarzy<\/p>\n<p><a href=\"http:\/\/umtykocin.pl\/mieszkaniec\/wp-content\/uploads\/sites\/4\/2024\/10\/Komunikat-Prezesa-2024-2025.pdf\">Komunikat Prezesa 2024 -2025<\/a><\/p>\n","protected":false},"excerpt":{"rendered":"<p>Kampania spo\u0142eczna &#8222;Sadza p\u0142onie. Czad zabija. \u017byj! &#8221; organizowana przez Mi\u0119dzywojew\u00f3dzki Cech Kominiarzy pod Honorowym Patronatem Komendanta G\u0142\u00f3wnego Pa\u0144stwowej Stra\u017cy Po\u017carnej, G\u0142\u00f3wnego Urz\u0119du Nadzoru Budowlanego, Zwi\u0105zku Rzemios\u0142a Polskiego jest kontynuacj\u0105 poprzednich kampanii spo\u0142ecznych \u201eCzyszczone kominy to mniejszy smog\u201d oraz &#8222;Zapro\u015b kominiarza&#8221;. Podsumowanie poprzedniej edycji Kampanii Spo\u0142ecznej \u201eSadza p\u0142onie. Czad zabija. \u017byj!\u201d odby\u0142o si\u0119 w maju [&hellip;]<\/p>\n","protected":false},"author":10015,"featured_media":10348,"comment_status":"closed","ping_status":"open","sticky":false,"template":"","format":"standard","meta":{"_et_pb_use_builder":"","_et_pb_old_content":"","_et_gb_content_width":"","cybocfi_hide_featured_image":"","footnotes":""},"categories":[99,3554],"tags":[],"class_list":["post-10347","post","type-post","status-publish","format-standard","has-post-thumbnail","hentry","category-aktualnosci","category-bezpieczenstwo","high-contrast"],"_links":{"self":[{"href":"https:\/\/umtykocin.pl\/mieszkaniec\/wp-json\/wp\/v2\/posts\/10347","targetHints":{"allow":["GET"]}}],"collection":[{"href":"https:\/\/umtykocin.pl\/mieszkaniec\/wp-json\/wp\/v2\/posts"}],"about":[{"href":"https:\/\/umtykocin.pl\/mieszkaniec\/wp-json\/wp\/v2\/types\/post"}],"author":[{"embeddable":true,"href":"https:\/\/umtykocin.pl\/mieszkaniec\/wp-json\/wp\/v2\/users\/10015"}],"replies":[{"embeddable":true,"href":"https:\/\/umtykocin.pl\/mieszkaniec\/wp-json\/wp\/v2\/comments?post=10347"}],"version-history":[{"count":1,"href":"https:\/\/umtykocin.pl\/mieszkaniec\/wp-json\/wp\/v2\/posts\/10347\/revisions"}],"predecessor-version":[{"id":10350,"href":"https:\/\/umtykocin.pl\/mieszkaniec\/wp-json\/wp\/v2\/posts\/10347\/revisions\/10350"}],"wp:featuredmedia":[{"embeddable":true,"href":"https:\/\/umtykocin.pl\/mieszkaniec\/wp-json\/wp\/v2\/media\/10348"}],"wp:attachment":[{"href":"https:\/\/umtykocin.pl\/mieszkaniec\/wp-json\/wp\/v2\/media?parent=10347"}],"wp:term":[{"taxonomy":"category","embeddable":true,"href":"https:\/\/umtykocin.pl\/mieszkaniec\/wp-json\/wp\/v2\/categories?post=10347"},{"taxonomy":"post_tag","embeddable":true,"href":"https:\/\/umtykocin.pl\/mieszkaniec\/wp-json\/wp\/v2\/tags?post=10347"}],"curies":[{"name":"wp","href":"https:\/\/api.w.org\/{rel}","templated":true}]}}