{"id":10430,"date":"2024-11-29T09:56:37","date_gmt":"2024-11-29T08:56:37","guid":{"rendered":"http:\/\/umtykocin.pl\/mieszkaniec\/?p=10430"},"modified":"2024-11-29T09:56:37","modified_gmt":"2024-11-29T08:56:37","slug":"informacja-dotyczaca-wstrzymania-przyjmowania-wnioskow-o-dofinansowanie-w-ramach-programu-czyste-powietrze","status":"publish","type":"post","link":"https:\/\/umtykocin.pl\/mieszkaniec\/informacja-dotyczaca-wstrzymania-przyjmowania-wnioskow-o-dofinansowanie-w-ramach-programu-czyste-powietrze\/","title":{"rendered":"Informacja dotycz\u0105ca wstrzymania przyjmowania wniosk\u00f3w o dofinansowanie w ramach programu &#8222;Czyste Powietrze&#8221;"},"content":{"rendered":"<p>Szanowni Pa\u0144stwo,<\/p>\n<p>Wojew\u00f3dzki Fundusz Ochrony \u015arodowiska i Gospodarki Wodnej w Bia\u0142ymstoku informuje o <strong>wstrzymaniu w dniu 28 listopada 2024 r. o godz. 14.15<\/strong> naboru wniosk\u00f3w o dofinansowanie w ramach programu priorytetowego \u201eCzyste Powietrze\u201d. Wszystkie wnioski, kt\u00f3re zgodnie z regulaminem naboru wniosk\u00f3w wp\u0142yn\u0105 do WFO\u015aiGW, w tym przez gminy, operator\u00f3w lub w \u015bcie\u017cce bankowej, przed czasem wstrzymania naboru, zostan\u0105 rozpatrzone, a wyp\u0142ata dotacji trwa nieprzerwanie. <strong>Wstrzymanie nie dotyczy wniosk\u00f3w o p\u0142atno\u015b\u0107 oraz wniosk\u00f3w o wyp\u0142at\u0119 zaliczki<\/strong>.<\/p>\n<p>Obecna sytuacja jest podyktowana trosk\u0105 o beneficjent\u00f3w programu, ukierunkowaniem na gospodarno\u015b\u0107 wydatkowania \u015brodk\u00f3w publicznych oraz w szczeg\u00f3lno\u015bci potrzeb\u0105 osi\u0105gania cel\u00f3w programu i zaplanowanych efekt\u00f3w ekologicznych. Finalizowane s\u0105 prace nad gruntown\u0105 reform\u0105 i napraw\u0105 programu Czyste Powietrze, maj\u0105c\u0105 na celu zatrzymanie nadu\u017cy\u0107 oraz zwi\u0119kszenie efektywno\u015bci.<\/p>\n<p>W lepszej, nowej ods\u0142onie program wr\u00f3ci na wiosn\u0119 2025 r. z jasnymi zasadami i nowym \u017ar\u00f3d\u0142em finansowania.<\/p>\n<p>&nbsp;<\/p>\n","protected":false},"excerpt":{"rendered":"<p>Szanowni Pa\u0144stwo, Wojew\u00f3dzki Fundusz Ochrony \u015arodowiska i Gospodarki Wodnej w Bia\u0142ymstoku informuje o wstrzymaniu w dniu 28 listopada 2024 r. o godz. 14.15 naboru wniosk\u00f3w o dofinansowanie w ramach programu priorytetowego \u201eCzyste Powietrze\u201d. Wszystkie wnioski, kt\u00f3re zgodnie z regulaminem naboru wniosk\u00f3w wp\u0142yn\u0105 do WFO\u015aiGW, w tym przez gminy, operator\u00f3w lub w \u015bcie\u017cce bankowej, przed czasem [&hellip;]<\/p>\n","protected":false},"author":10015,"featured_media":7681,"comment_status":"closed","ping_status":"open","sticky":false,"template":"","format":"standard","meta":{"_et_pb_use_builder":"","_et_pb_old_content":"","_et_gb_content_width":"","cybocfi_hide_featured_image":"","footnotes":""},"categories":[99,4090],"tags":[],"class_list":["post-10430","post","type-post","status-publish","format-standard","has-post-thumbnail","hentry","category-aktualnosci","category-program-czyste-powietrze","high-contrast"],"_links":{"self":[{"href":"https:\/\/umtykocin.pl\/mieszkaniec\/wp-json\/wp\/v2\/posts\/10430","targetHints":{"allow":["GET"]}}],"collection":[{"href":"https:\/\/umtykocin.pl\/mieszkaniec\/wp-json\/wp\/v2\/posts"}],"about":[{"href":"https:\/\/umtykocin.pl\/mieszkaniec\/wp-json\/wp\/v2\/types\/post"}],"author":[{"embeddable":true,"href":"https:\/\/umtykocin.pl\/mieszkaniec\/wp-json\/wp\/v2\/users\/10015"}],"replies":[{"embeddable":true,"href":"https:\/\/umtykocin.pl\/mieszkaniec\/wp-json\/wp\/v2\/comments?post=10430"}],"version-history":[{"count":1,"href":"https:\/\/umtykocin.pl\/mieszkaniec\/wp-json\/wp\/v2\/posts\/10430\/revisions"}],"predecessor-version":[{"id":10431,"href":"https:\/\/umtykocin.pl\/mieszkaniec\/wp-json\/wp\/v2\/posts\/10430\/revisions\/10431"}],"wp:featuredmedia":[{"embeddable":true,"href":"https:\/\/umtykocin.pl\/mieszkaniec\/wp-json\/wp\/v2\/media\/7681"}],"wp:attachment":[{"href":"https:\/\/umtykocin.pl\/mieszkaniec\/wp-json\/wp\/v2\/media?parent=10430"}],"wp:term":[{"taxonomy":"category","embeddable":true,"href":"https:\/\/umtykocin.pl\/mieszkaniec\/wp-json\/wp\/v2\/categories?post=10430"},{"taxonomy":"post_tag","embeddable":true,"href":"https:\/\/umtykocin.pl\/mieszkaniec\/wp-json\/wp\/v2\/tags?post=10430"}],"curies":[{"name":"wp","href":"https:\/\/api.w.org\/{rel}","templated":true}]}}