{"id":10494,"date":"2025-01-08T09:31:13","date_gmt":"2025-01-08T08:31:13","guid":{"rendered":"https:\/\/umtykocin.pl\/mieszkaniec\/?p=10494"},"modified":"2025-01-08T09:31:13","modified_gmt":"2025-01-08T08:31:13","slug":"zmiany-w-segregacji-odpadow","status":"publish","type":"post","link":"https:\/\/umtykocin.pl\/mieszkaniec\/zmiany-w-segregacji-odpadow\/","title":{"rendered":"Zmiany w segregacji odpad\u00f3w!"},"content":{"rendered":"<p>Od 1 stycznia 2025 roku tekstylia, w tym zu\u017cyte ubrania, buty, po\u015bciel czy zas\u0142ony, nie mog\u0105 trafia\u0107 do pojemnik\u00f3w na odpady zmieszane.<\/p>\n<p>Ich segregacja to obowi\u0105zek ka\u017cdego mieszka\u0144ca.<\/p>\n<p>Od 1 stycznia 2025 r. mieszka\u0144cy gminy mog\u0105\u00a0 oddawa\u0107 je do Punktu Selektywnego Zbierania Odpad\u00f3w Komunalnych (PSZOK), zlokalizowanego w miejscowo\u015bci Tykocin, ul. Holendry ,16-080 Tykocin\u00a0 &#8211; podobnie jak np. elektro\u015bmieci czy odpady remontowe.<\/p>\n<p>Mieszka\u0144cy, kt\u00f3rzy z r\u00f3\u017cnych wzgl\u0119d\u00f3w nie b\u0119d\u0105 mogli samodzielnie dostarczy\u0107 zebranych przez siebie tekstyli\u00f3w na teren PSZOKu\u00a0 mog\u0105 tak\u0105 potrzeb\u0119 zg\u0142osi\u0107 telefonicznie do Urz\u0119du Miejskiego w Tykocinie pod numerem telefonu: 85\u00a0686-93-23, kt\u00f3ry dan\u0105 frakcj\u0119 odbierze ze wskazanej nieruchomo\u015bci w um\u00f3wionym terminie.<\/p>\n<p>Dlaczego to wa\u017cne?<\/p>\n<p>Dotychczas wi\u0119kszo\u015b\u0107 tekstyli\u00f3w trafia\u0142a do zmieszanych odpad\u00f3w, co:<\/p>\n<ul>\n<li>Uniemo\u017cliwia\u0142o ich recykling.<\/li>\n<li>Zanieczyszcza\u0142o \u015brodowisko.<\/li>\n<\/ul>\n<p>Nowe zasady pozwol\u0105:<\/p>\n<p>\ud83d\udc9aOgraniczy\u0107 ilo\u015b\u0107 odpad\u00f3w na sk\u0142adowiskach.<\/p>\n<p>\ud83d\udc9aNadawa\u0107 ubraniom drugie \u017cycie i zmniejszy\u0107 ich wp\u0142yw na \u015brodowisko.<\/p>\n<p>Wi\u0119cej na stronie Ministerstwo Klimatu i \u015arodowiska https:\/\/www.gov.pl\/web\/klimat\/teksylia<\/p>\n","protected":false},"excerpt":{"rendered":"<p>Od 1 stycznia 2025 roku tekstylia, w tym zu\u017cyte ubrania, buty, po\u015bciel czy zas\u0142ony, nie mog\u0105 trafia\u0107 do pojemnik\u00f3w na odpady zmieszane. Ich segregacja to obowi\u0105zek ka\u017cdego mieszka\u0144ca. Od 1 stycznia 2025 r. mieszka\u0144cy gminy mog\u0105\u00a0 oddawa\u0107 je do Punktu Selektywnego Zbierania Odpad\u00f3w Komunalnych (PSZOK), zlokalizowanego w miejscowo\u015bci Tykocin, ul. Holendry ,16-080 Tykocin\u00a0 &#8211; podobnie [&hellip;]<\/p>\n","protected":false},"author":10016,"featured_media":10495,"comment_status":"closed","ping_status":"open","sticky":false,"template":"","format":"standard","meta":{"_et_pb_use_builder":"","_et_pb_old_content":"","_et_gb_content_width":"","cybocfi_hide_featured_image":"","footnotes":""},"categories":[165],"tags":[],"class_list":["post-10494","post","type-post","status-publish","format-standard","has-post-thumbnail","hentry","category-gospodarka-odpadami-komunalnymi","high-contrast"],"_links":{"self":[{"href":"https:\/\/umtykocin.pl\/mieszkaniec\/wp-json\/wp\/v2\/posts\/10494","targetHints":{"allow":["GET"]}}],"collection":[{"href":"https:\/\/umtykocin.pl\/mieszkaniec\/wp-json\/wp\/v2\/posts"}],"about":[{"href":"https:\/\/umtykocin.pl\/mieszkaniec\/wp-json\/wp\/v2\/types\/post"}],"author":[{"embeddable":true,"href":"https:\/\/umtykocin.pl\/mieszkaniec\/wp-json\/wp\/v2\/users\/10016"}],"replies":[{"embeddable":true,"href":"https:\/\/umtykocin.pl\/mieszkaniec\/wp-json\/wp\/v2\/comments?post=10494"}],"version-history":[{"count":1,"href":"https:\/\/umtykocin.pl\/mieszkaniec\/wp-json\/wp\/v2\/posts\/10494\/revisions"}],"predecessor-version":[{"id":10496,"href":"https:\/\/umtykocin.pl\/mieszkaniec\/wp-json\/wp\/v2\/posts\/10494\/revisions\/10496"}],"wp:featuredmedia":[{"embeddable":true,"href":"https:\/\/umtykocin.pl\/mieszkaniec\/wp-json\/wp\/v2\/media\/10495"}],"wp:attachment":[{"href":"https:\/\/umtykocin.pl\/mieszkaniec\/wp-json\/wp\/v2\/media?parent=10494"}],"wp:term":[{"taxonomy":"category","embeddable":true,"href":"https:\/\/umtykocin.pl\/mieszkaniec\/wp-json\/wp\/v2\/categories?post=10494"},{"taxonomy":"post_tag","embeddable":true,"href":"https:\/\/umtykocin.pl\/mieszkaniec\/wp-json\/wp\/v2\/tags?post=10494"}],"curies":[{"name":"wp","href":"https:\/\/api.w.org\/{rel}","templated":true}]}}