{"id":10650,"date":"2025-03-04T09:34:39","date_gmt":"2025-03-04T08:34:39","guid":{"rendered":"https:\/\/umtykocin.pl\/mieszkaniec\/?p=10650"},"modified":"2025-03-04T09:34:39","modified_gmt":"2025-03-04T08:34:39","slug":"obowiazek-zlozenia-deklaracji-o-wysokosci-oplaty-za-gospodarowanie-odpadami-komunalnymi-na-sezon-2025-r","status":"publish","type":"post","link":"https:\/\/umtykocin.pl\/mieszkaniec\/obowiazek-zlozenia-deklaracji-o-wysokosci-oplaty-za-gospodarowanie-odpadami-komunalnymi-na-sezon-2025-r\/","title":{"rendered":"Obowi\u0105zek z\u0142o\u017cenia deklaracji o wysoko\u015bci op\u0142aty za gospodarowanie odpadami komunalnymi na sezon 2025 r."},"content":{"rendered":"<p><strong><u>Szanowni Mieszka\u0144cy<\/u><\/strong><\/p>\n<p>Urz\u0105d Miejski w Tykocinie przypomina wszystkim W\u0142a\u015bcicielom firm, obiekt\u00f3w agroturystycznych, dzia\u0142alno\u015bci \u00a0wykorzystywanych na cele wypoczynkowe , kt\u00f3rzy na okres zimowy zawiesili swoje dzia\u0142alno\u015bci gospodarcze o <strong>obowi\u0105zku z\u0142o\u017cenia deklaracji o wysoko\u015bci op\u0142aty za gospodarowanie odpadami komunalnymi na sezon 2025 r.<\/strong> (deklaracja dost\u0119pna jest na stronie bip Tykocin:<a href=\"https:\/\/bip.um.tykocin.wrotapodlasia.pl\/urz_mia\/rnz.html\"> https:\/\/bip.um.tykocin.wrotapodlasia.pl\/urz_mia\/rnz.html<\/a> oraz w siedzibie Urz\u0119du Miejskiego).<\/p>\n<p>W sytuacji niewype\u0142nienia tego obowi\u0105zku, odpady\u00a0 wytwarzane przez w\/w firmy, dzia\u0142alno\u015bci i obiekty <strong>nie b\u0119d\u0105 odbierane<\/strong> przez firm\u0119 realizuj\u0105c\u0105 umow\u0119 odbioru odpad\u00f3w komunalnych na terenie gminy Tykocin.<\/p>\n<p>Ponadto zgodnie z <em>zapisami Uchwa\u0142y Nr LXVII\/544\/2024 w sprawie wyboru metody ustalenia op\u0142aty za gospodarowanie odpadami komunalnymi oraz stawki op\u0142aty za pojemniki dla nieruchomo\u015bci , na kt\u00f3rych nie zamieszkuj\u0105 mieszka\u0144cy, a powstaj\u0105 odpady komunalne (w tym tak\u017ce wykorzystywane na cele wypoczynkowe)<\/em> zgodnie z \u00a73 ust. 2 <strong>je\u017celi odpady s\u0105 zbierane i odbierane w spos\u00f3b selektywny<\/strong> w\u00f3wczas stawka op\u0142aty za jednorazowy wyw\u00f3z za pojemnik o okre\u015blonej pojemno\u015bci wynosi:<\/p>\n<p>&#8211; \u00a0o pojemno\u015bci 120 l &#8211; w wysoko\u015bci <strong>24 z\u0142<\/strong>;<\/p>\n<p>&#8211; \u00a0o pojemno\u015bci 240 l &#8211; w wysoko\u015bci <strong>48 z\u0142<\/strong>;<\/p>\n<p>&#8211; o pojemno\u015bci\u00a0 1100 l &#8211; w wysoko\u015bci <strong>220 z\u0142;<\/strong><\/p>\n<p>&#8211; o pojemno\u015bci \u00a05 m\u00b3 &#8211; w wysoko\u015bci <strong>1000 z\u0142;<\/strong><\/p>\n<p>&#8211; o pojemno\u015bci \u00a07 m\u00b3 &#8211; w wysoko\u015bci <strong>1400 z\u0142.<\/strong><\/p>\n<p>W sytuacji gdy w\u0142a\u015bciciel nieruchomo\u015bci <strong>nie wype\u0142nia obowi\u0105zku zbierania odpad\u00f3w komunalnych w<\/strong> <strong>spos\u00f3b selektywny<\/strong> stawka op\u0142aty za jednorazowy wyw\u00f3z za pojemnik o okre\u015blonej pojemno\u015bci wynosi:<\/p>\n<p>&#8211; o pojemno\u015bci 120 l &#8211; w wysoko\u015bci <strong>48 z\u0142<\/strong>;<\/p>\n<p>&#8211; o pojemno\u015bci 240 l &#8211; w wysoko\u015bci <strong>96 z\u0142<\/strong>;<\/p>\n<p>&#8211; o pojemno\u015bci 1100 l &#8211; w wysoko\u015bci <strong>440 z\u0142;<\/strong><\/p>\n<p>&#8211; o pojemno\u015bci 5 m\u00b3 &#8211; w wysoko\u015bci <strong>2000 z\u0142;<\/strong><\/p>\n<p>&#8211; o pojemno\u015bci 7 m\u00b3 &#8211; w wysoko\u015bci <strong>2800 z\u0142.<\/strong><\/p>\n<p>Przypominamy r\u00f3wnie\u017c, \u017ce wszyscy mamy obowi\u0105zek segregowania odpad\u00f3w na 5 frakcji, tj. bioodpady, metale i tworzywa sztuczne, papier, szk\u0142o i odpady zmieszane.<\/p>\n","protected":false},"excerpt":{"rendered":"<p>Szanowni Mieszka\u0144cy Urz\u0105d Miejski w Tykocinie przypomina wszystkim W\u0142a\u015bcicielom firm, obiekt\u00f3w agroturystycznych, dzia\u0142alno\u015bci \u00a0wykorzystywanych na cele wypoczynkowe , kt\u00f3rzy na okres zimowy zawiesili swoje dzia\u0142alno\u015bci gospodarcze o obowi\u0105zku z\u0142o\u017cenia deklaracji o wysoko\u015bci op\u0142aty za gospodarowanie odpadami komunalnymi na sezon 2025 r. (deklaracja dost\u0119pna jest na stronie bip Tykocin: https:\/\/bip.um.tykocin.wrotapodlasia.pl\/urz_mia\/rnz.html oraz w siedzibie Urz\u0119du Miejskiego). W [&hellip;]<\/p>\n","protected":false},"author":10015,"featured_media":8825,"comment_status":"closed","ping_status":"open","sticky":false,"template":"","format":"standard","meta":{"_et_pb_use_builder":"","_et_pb_old_content":"","_et_gb_content_width":"","cybocfi_hide_featured_image":"","footnotes":""},"categories":[99,165],"tags":[],"class_list":["post-10650","post","type-post","status-publish","format-standard","has-post-thumbnail","hentry","category-aktualnosci","category-gospodarka-odpadami-komunalnymi","high-contrast"],"_links":{"self":[{"href":"https:\/\/umtykocin.pl\/mieszkaniec\/wp-json\/wp\/v2\/posts\/10650","targetHints":{"allow":["GET"]}}],"collection":[{"href":"https:\/\/umtykocin.pl\/mieszkaniec\/wp-json\/wp\/v2\/posts"}],"about":[{"href":"https:\/\/umtykocin.pl\/mieszkaniec\/wp-json\/wp\/v2\/types\/post"}],"author":[{"embeddable":true,"href":"https:\/\/umtykocin.pl\/mieszkaniec\/wp-json\/wp\/v2\/users\/10015"}],"replies":[{"embeddable":true,"href":"https:\/\/umtykocin.pl\/mieszkaniec\/wp-json\/wp\/v2\/comments?post=10650"}],"version-history":[{"count":1,"href":"https:\/\/umtykocin.pl\/mieszkaniec\/wp-json\/wp\/v2\/posts\/10650\/revisions"}],"predecessor-version":[{"id":10651,"href":"https:\/\/umtykocin.pl\/mieszkaniec\/wp-json\/wp\/v2\/posts\/10650\/revisions\/10651"}],"wp:featuredmedia":[{"embeddable":true,"href":"https:\/\/umtykocin.pl\/mieszkaniec\/wp-json\/wp\/v2\/media\/8825"}],"wp:attachment":[{"href":"https:\/\/umtykocin.pl\/mieszkaniec\/wp-json\/wp\/v2\/media?parent=10650"}],"wp:term":[{"taxonomy":"category","embeddable":true,"href":"https:\/\/umtykocin.pl\/mieszkaniec\/wp-json\/wp\/v2\/categories?post=10650"},{"taxonomy":"post_tag","embeddable":true,"href":"https:\/\/umtykocin.pl\/mieszkaniec\/wp-json\/wp\/v2\/tags?post=10650"}],"curies":[{"name":"wp","href":"https:\/\/api.w.org\/{rel}","templated":true}]}}