{"id":10683,"date":"2025-03-17T08:37:02","date_gmt":"2025-03-17T07:37:02","guid":{"rendered":"https:\/\/umtykocin.pl\/mieszkaniec\/?p=10683"},"modified":"2025-03-17T08:37:02","modified_gmt":"2025-03-17T07:37:02","slug":"informacja-o-planie-priorytetowym-wdrozonym-na-terenie-gminy-tykocin","status":"publish","type":"post","link":"https:\/\/umtykocin.pl\/mieszkaniec\/informacja-o-planie-priorytetowym-wdrozonym-na-terenie-gminy-tykocin\/","title":{"rendered":"Informacja o Planie Priorytetowym wdro\u017conym na terenie gminy Tykocin"},"content":{"rendered":"<p>Posterunek Policji w Tykocinie informuje, \u017ce na obszarze miasta Tykocin oraz poza obszarem zabudowanym na terenie gminy Tykocin wdro\u017cony zosta\u0142 Plan priorytetowy, kt\u00f3ry zak\u0142ada, i\u017c w porze od zmierzchu do \u015bwitu we wszystkie dni tygodnia piesi oraz rowerzy\u015bci maj\u0105 obowi\u0105zek u\u017cywania w spos\u00f3b widoczny dla innych uczestnik\u00f3w ruchu drogowego element\u00f3w odblaskowych.<\/p>\n<p>Niestosowanie si\u0119 do powy\u017cszego obowi\u0105zku jest kar\u0105 grzywny w wysoko\u015bci do <strong>100 z\u0142otych zgodnie z art. 11 Ustawy o Ruchu Drogowym<\/strong>.<\/p>\n<p>Maj\u0105c na uwadze dobro wszystkich mieszka\u0144c\u00f3w Miasta i Gminy Tykocin oraz turyst\u00f3w zwracamy si\u0119 o wywi\u0105zywanie si\u0119 z obowi\u0105zku u\u017cywania element\u00f3w odblaskowych i respektowania tre\u015bci obowi\u0105zuj\u0105cych przepis\u00f3w.<\/p>\n","protected":false},"excerpt":{"rendered":"<p>Posterunek Policji w Tykocinie informuje, \u017ce na obszarze miasta Tykocin oraz poza obszarem zabudowanym na terenie gminy Tykocin wdro\u017cony zosta\u0142 Plan priorytetowy, kt\u00f3ry zak\u0142ada, i\u017c w porze od zmierzchu do \u015bwitu we wszystkie dni tygodnia piesi oraz rowerzy\u015bci maj\u0105 obowi\u0105zek u\u017cywania w spos\u00f3b widoczny dla innych uczestnik\u00f3w ruchu drogowego element\u00f3w odblaskowych. Niestosowanie si\u0119 do powy\u017cszego [&hellip;]<\/p>\n","protected":false},"author":10015,"featured_media":10684,"comment_status":"closed","ping_status":"open","sticky":false,"template":"","format":"standard","meta":{"_et_pb_use_builder":"","_et_pb_old_content":"","_et_gb_content_width":"","cybocfi_hide_featured_image":"","footnotes":""},"categories":[99,3554],"tags":[],"class_list":["post-10683","post","type-post","status-publish","format-standard","has-post-thumbnail","hentry","category-aktualnosci","category-bezpieczenstwo","high-contrast"],"_links":{"self":[{"href":"https:\/\/umtykocin.pl\/mieszkaniec\/wp-json\/wp\/v2\/posts\/10683","targetHints":{"allow":["GET"]}}],"collection":[{"href":"https:\/\/umtykocin.pl\/mieszkaniec\/wp-json\/wp\/v2\/posts"}],"about":[{"href":"https:\/\/umtykocin.pl\/mieszkaniec\/wp-json\/wp\/v2\/types\/post"}],"author":[{"embeddable":true,"href":"https:\/\/umtykocin.pl\/mieszkaniec\/wp-json\/wp\/v2\/users\/10015"}],"replies":[{"embeddable":true,"href":"https:\/\/umtykocin.pl\/mieszkaniec\/wp-json\/wp\/v2\/comments?post=10683"}],"version-history":[{"count":1,"href":"https:\/\/umtykocin.pl\/mieszkaniec\/wp-json\/wp\/v2\/posts\/10683\/revisions"}],"predecessor-version":[{"id":10685,"href":"https:\/\/umtykocin.pl\/mieszkaniec\/wp-json\/wp\/v2\/posts\/10683\/revisions\/10685"}],"wp:featuredmedia":[{"embeddable":true,"href":"https:\/\/umtykocin.pl\/mieszkaniec\/wp-json\/wp\/v2\/media\/10684"}],"wp:attachment":[{"href":"https:\/\/umtykocin.pl\/mieszkaniec\/wp-json\/wp\/v2\/media?parent=10683"}],"wp:term":[{"taxonomy":"category","embeddable":true,"href":"https:\/\/umtykocin.pl\/mieszkaniec\/wp-json\/wp\/v2\/categories?post=10683"},{"taxonomy":"post_tag","embeddable":true,"href":"https:\/\/umtykocin.pl\/mieszkaniec\/wp-json\/wp\/v2\/tags?post=10683"}],"curies":[{"name":"wp","href":"https:\/\/api.w.org\/{rel}","templated":true}]}}