{"id":10752,"date":"2025-04-09T12:46:24","date_gmt":"2025-04-09T10:46:24","guid":{"rendered":"https:\/\/umtykocin.pl\/mieszkaniec\/?p=10752"},"modified":"2025-04-09T12:46:24","modified_gmt":"2025-04-09T10:46:24","slug":"informacja-o-obowiazku-szczepienia-przeciwko-wsciekliznie","status":"publish","type":"post","link":"https:\/\/umtykocin.pl\/mieszkaniec\/informacja-o-obowiazku-szczepienia-przeciwko-wsciekliznie\/","title":{"rendered":"Informacja o obowi\u0105zku szczepienia przeciwko w\u015bciekli\u017anie"},"content":{"rendered":"<p><strong>W\u015bcieklizna &#8211; \u015bmiertelne zagro\u017cenie dla ludzi i zwierz\u0105t.<\/strong><\/p>\n<p>Fundacja ZWIERZ przypomina o realnym zagro\u017ceniu, jakie niesie ze sob\u0105 w\u015bcieklizna \u2013 jedna\u00a0\u00a0 z najniebezpieczniejszych chor\u00f3b wirusowych, kt\u00f3ra mo\u017ce dotkn\u0105\u0107 wszystkie gatunki ssak\u00f3w,\u00a0 w tym ludzi. Choroba atakuje o\u015brodkowy uk\u0142ad nerwowy, a po wyst\u0105pieniu objaw\u00f3w niemal zawsze ko\u0144czy si\u0119 \u015bmierci\u0105.<\/p>\n<p>Do zaka\u017cenia dochodzi najcz\u0119\u015bciej przez kontakt \u015bliny zaka\u017conego zwierz\u0119cia z uszkodzon\u0105 sk\u00f3r\u0105 lub b\u0142onami \u015bluzowymi. W Polsce g\u0142\u00f3wnym rezerwuarem wirusa s\u0105 lisy rude, ale zagro\u017cenie mog\u0105 stanowi\u0107 r\u00f3wnie\u017c nietoperze, psy, koty i inne dzikie zwierz\u0119ta.<\/p>\n<p><strong>Szczepienie ps\u00f3w przeciwko w\u015bciekli\u017anie jest obowi\u0105zkowe<\/strong> \u2013 ka\u017cdy pies powy\u017cej 3. miesi\u0105ca \u017cycia musi zosta\u0107 zaszczepiony w ci\u0105gu 30 dni, a nast\u0119pnie regularnie co roku. Brak szczepienia to nie tylko ryzyko zdrowotne, ale i mandat dla opiekuna.<\/p>\n<p><strong>W przypadku pogryzienia przez zwierz\u0119:<\/strong><\/p>\n<ul>\n<li>dok\u0142adnie przemyj ran\u0119 wod\u0105 z myd\u0142em,<\/li>\n<li>jak najszybciej skontaktuj si\u0119 z lekarzem \u2013 mo\u017cliwe b\u0119dzie zastosowanie szczepie\u0144 poekspozycyjnych.<\/li>\n<\/ul>\n<p><strong>Objawy w\u015bcieklizny<\/strong><\/p>\n<p>U zwierz\u0105t choroba mo\u017ce przebiega\u0107 w formie:<\/p>\n<ul>\n<li><strong>sza\u0142owej<\/strong> \u2013 zwierz\u0119ta staj\u0105 si\u0119 agresywne, atakuj\u0105 bez powodu, maj\u0105 trudno\u015bci z prze\u0142ykaniem i nadmiernie si\u0119 \u015blini\u0105, cierpi\u0105 na \u015bwiat\u0142owstr\u0119t, boj\u0105 si\u0119 wody i dotyku, a tak\u017ce maj\u0105 przekrwione oczy,<\/li>\n<li><strong>cichej<\/strong> \u2013 post\u0119puj\u0105ce pora\u017cenia ko\u0144czyn, \u015bmier\u0107 w wyniku niewydolno\u015bci oddechowej.<\/li>\n<\/ul>\n<p><strong>W\u015bcieklizna to \u015bmiertelne zagro\u017cenie dla zwierz\u0105t i ludzi, kt\u00f3remu mo\u017cna zapobiec.<\/strong> Profilaktyka i szybka reakcja ratuj\u0105 \u017cycie.<\/p>\n<p><strong>B\u0105d\u017a odpowiedzialny &#8211; zaszczep swojego psa!<\/strong><\/p>\n<p><img loading=\"lazy\" decoding=\"async\" class=\"alignnone wp-image-10755 size-large\" src=\"http:\/\/umtykocin.pl\/mieszkaniec\/wp-content\/uploads\/sites\/4\/2025\/04\/ZWIERZ-szczepienia-plakat-A3-www-729x1024.jpg\" alt=\"\" width=\"729\" height=\"1024\" srcset=\"http:\/\/umtykocin.pl\/mieszkaniec\/wp-content\/uploads\/sites\/4\/2025\/04\/ZWIERZ-szczepienia-plakat-A3-www-729x1024.jpg 729w, http:\/\/umtykocin.pl\/mieszkaniec\/wp-content\/uploads\/sites\/4\/2025\/04\/ZWIERZ-szczepienia-plakat-A3-www-480x674.jpg 480w\" sizes=\"(min-width: 0px) and (max-width: 480px) 480px, (min-width: 481px) 729px, 100vw\" \/><\/p>\n<p>&nbsp;<\/p>\n","protected":false},"excerpt":{"rendered":"<p>W\u015bcieklizna &#8211; \u015bmiertelne zagro\u017cenie dla ludzi i zwierz\u0105t. Fundacja ZWIERZ przypomina o realnym zagro\u017ceniu, jakie niesie ze sob\u0105 w\u015bcieklizna \u2013 jedna\u00a0\u00a0 z najniebezpieczniejszych chor\u00f3b wirusowych, kt\u00f3ra mo\u017ce dotkn\u0105\u0107 wszystkie gatunki ssak\u00f3w,\u00a0 w tym ludzi. Choroba atakuje o\u015brodkowy uk\u0142ad nerwowy, a po wyst\u0105pieniu objaw\u00f3w niemal zawsze ko\u0144czy si\u0119 \u015bmierci\u0105. Do zaka\u017cenia dochodzi najcz\u0119\u015bciej przez kontakt \u015bliny [&hellip;]<\/p>\n","protected":false},"author":10017,"featured_media":9639,"comment_status":"closed","ping_status":"open","sticky":false,"template":"","format":"standard","meta":{"_et_pb_use_builder":"","_et_pb_old_content":"","_et_gb_content_width":"","cybocfi_hide_featured_image":"","footnotes":""},"categories":[99,3554],"tags":[],"class_list":["post-10752","post","type-post","status-publish","format-standard","has-post-thumbnail","hentry","category-aktualnosci","category-bezpieczenstwo","high-contrast"],"_links":{"self":[{"href":"https:\/\/umtykocin.pl\/mieszkaniec\/wp-json\/wp\/v2\/posts\/10752","targetHints":{"allow":["GET"]}}],"collection":[{"href":"https:\/\/umtykocin.pl\/mieszkaniec\/wp-json\/wp\/v2\/posts"}],"about":[{"href":"https:\/\/umtykocin.pl\/mieszkaniec\/wp-json\/wp\/v2\/types\/post"}],"author":[{"embeddable":true,"href":"https:\/\/umtykocin.pl\/mieszkaniec\/wp-json\/wp\/v2\/users\/10017"}],"replies":[{"embeddable":true,"href":"https:\/\/umtykocin.pl\/mieszkaniec\/wp-json\/wp\/v2\/comments?post=10752"}],"version-history":[{"count":2,"href":"https:\/\/umtykocin.pl\/mieszkaniec\/wp-json\/wp\/v2\/posts\/10752\/revisions"}],"predecessor-version":[{"id":10756,"href":"https:\/\/umtykocin.pl\/mieszkaniec\/wp-json\/wp\/v2\/posts\/10752\/revisions\/10756"}],"wp:featuredmedia":[{"embeddable":true,"href":"https:\/\/umtykocin.pl\/mieszkaniec\/wp-json\/wp\/v2\/media\/9639"}],"wp:attachment":[{"href":"https:\/\/umtykocin.pl\/mieszkaniec\/wp-json\/wp\/v2\/media?parent=10752"}],"wp:term":[{"taxonomy":"category","embeddable":true,"href":"https:\/\/umtykocin.pl\/mieszkaniec\/wp-json\/wp\/v2\/categories?post=10752"},{"taxonomy":"post_tag","embeddable":true,"href":"https:\/\/umtykocin.pl\/mieszkaniec\/wp-json\/wp\/v2\/tags?post=10752"}],"curies":[{"name":"wp","href":"https:\/\/api.w.org\/{rel}","templated":true}]}}