{"id":10758,"date":"2025-04-11T10:33:08","date_gmt":"2025-04-11T08:33:08","guid":{"rendered":"https:\/\/umtykocin.pl\/mieszkaniec\/?p=10758"},"modified":"2025-04-11T10:33:08","modified_gmt":"2025-04-11T08:33:08","slug":"informacja-o-obowiazku-zbierania-odpadow-komunalnych-w-sposob-selektywny","status":"publish","type":"post","link":"https:\/\/umtykocin.pl\/mieszkaniec\/informacja-o-obowiazku-zbierania-odpadow-komunalnych-w-sposob-selektywny\/","title":{"rendered":"Informacja o obowi\u0105zku zbierania odpad\u00f3w komunalnych w spos\u00f3b selektywny"},"content":{"rendered":"<p>Urz\u0105d Miejski w Tykocinie przypomina wszystkim mieszka\u0144com, \u017ce ustawa o utrzymaniu czysto\u015bci i porz\u0105dku w gminach wprowadzi\u0142a dla wszystkich w\u0142a\u015bcicieli nieruchomo\u015bci (zar\u00f3wno zamieszka\u0142ych, jak i niezamieszka\u0142ych) <strong>obowi\u0105zek zbierania odpad\u00f3w komunalnych w spos\u00f3b selektywny<\/strong>.<\/p>\n<p>Miesi\u0119czne sprawozdania od firmy realizuj\u0105cej odbi\u00f3r odpad\u00f3w komunalnych na terenie gminy Tykocin pokazuj\u0105, \u017ce <strong>nie wykonujemy tego obowi\u0105zku w spos\u00f3b nale\u017cyty oraz jako gmina wykazujemy niewielkie ilo\u015bci\u00a0 frakcji papieru, szk\u0142a i tworzyw sztucznych.<\/strong><\/p>\n<p>W zwi\u0105zku z powy\u017cszym Urz\u0105d Miejski w Tykocinie zwraca si\u0119 z pro\u015bb\u0105\u00a0 do wszystkich mieszka\u0144c\u00f3w o prawid\u0142ow\u0105 segregacj\u0119 odpad\u00f3w komunalnych.<\/p>\n<p>Pami\u0119tajmy, \u017ce dzi\u0119ki selektywnemu zbieraniu odpad\u00f3w zwi\u0119ksza si\u0119 poziom odzysku, w tym recyklingu. Recykling sprawia, \u017ce odpady maj\u0105 szans\u0119 na ponowne zastosowanie jako surowiec do produkcji.<\/p>\n","protected":false},"excerpt":{"rendered":"<p>Urz\u0105d Miejski w Tykocinie przypomina wszystkim mieszka\u0144com, \u017ce ustawa o utrzymaniu czysto\u015bci i porz\u0105dku w gminach wprowadzi\u0142a dla wszystkich w\u0142a\u015bcicieli nieruchomo\u015bci (zar\u00f3wno zamieszka\u0142ych, jak i niezamieszka\u0142ych) obowi\u0105zek zbierania odpad\u00f3w komunalnych w spos\u00f3b selektywny. Miesi\u0119czne sprawozdania od firmy realizuj\u0105cej odbi\u00f3r odpad\u00f3w komunalnych na terenie gminy Tykocin pokazuj\u0105, \u017ce nie wykonujemy tego obowi\u0105zku w spos\u00f3b nale\u017cyty oraz [&hellip;]<\/p>\n","protected":false},"author":10015,"featured_media":8825,"comment_status":"closed","ping_status":"open","sticky":false,"template":"","format":"standard","meta":{"_et_pb_use_builder":"","_et_pb_old_content":"","_et_gb_content_width":"","cybocfi_hide_featured_image":"","footnotes":""},"categories":[99,165],"tags":[],"class_list":["post-10758","post","type-post","status-publish","format-standard","has-post-thumbnail","hentry","category-aktualnosci","category-gospodarka-odpadami-komunalnymi","high-contrast"],"_links":{"self":[{"href":"https:\/\/umtykocin.pl\/mieszkaniec\/wp-json\/wp\/v2\/posts\/10758","targetHints":{"allow":["GET"]}}],"collection":[{"href":"https:\/\/umtykocin.pl\/mieszkaniec\/wp-json\/wp\/v2\/posts"}],"about":[{"href":"https:\/\/umtykocin.pl\/mieszkaniec\/wp-json\/wp\/v2\/types\/post"}],"author":[{"embeddable":true,"href":"https:\/\/umtykocin.pl\/mieszkaniec\/wp-json\/wp\/v2\/users\/10015"}],"replies":[{"embeddable":true,"href":"https:\/\/umtykocin.pl\/mieszkaniec\/wp-json\/wp\/v2\/comments?post=10758"}],"version-history":[{"count":1,"href":"https:\/\/umtykocin.pl\/mieszkaniec\/wp-json\/wp\/v2\/posts\/10758\/revisions"}],"predecessor-version":[{"id":10759,"href":"https:\/\/umtykocin.pl\/mieszkaniec\/wp-json\/wp\/v2\/posts\/10758\/revisions\/10759"}],"wp:featuredmedia":[{"embeddable":true,"href":"https:\/\/umtykocin.pl\/mieszkaniec\/wp-json\/wp\/v2\/media\/8825"}],"wp:attachment":[{"href":"https:\/\/umtykocin.pl\/mieszkaniec\/wp-json\/wp\/v2\/media?parent=10758"}],"wp:term":[{"taxonomy":"category","embeddable":true,"href":"https:\/\/umtykocin.pl\/mieszkaniec\/wp-json\/wp\/v2\/categories?post=10758"},{"taxonomy":"post_tag","embeddable":true,"href":"https:\/\/umtykocin.pl\/mieszkaniec\/wp-json\/wp\/v2\/tags?post=10758"}],"curies":[{"name":"wp","href":"https:\/\/api.w.org\/{rel}","templated":true}]}}