{"id":10843,"date":"2025-05-08T15:32:30","date_gmt":"2025-05-08T13:32:30","guid":{"rendered":"https:\/\/umtykocin.pl\/mieszkaniec\/?p=10843"},"modified":"2025-05-08T15:32:30","modified_gmt":"2025-05-08T13:32:30","slug":"zaproszenie-na-webinarium-bezpieczne-platnosci-w-internecie-dla-seniorow","status":"publish","type":"post","link":"https:\/\/umtykocin.pl\/mieszkaniec\/zaproszenie-na-webinarium-bezpieczne-platnosci-w-internecie-dla-seniorow\/","title":{"rendered":"Zaproszenie na webinarium &#8222;Bezpieczne p\u0142atno\u015bci w internecie dla senior\u00f3w&#8221;"},"content":{"rendered":"<p>Urz\u0105d Komisji Nadzoru Finansowego <strong>zaprasza senior\u00f3w i ich opiekun\u00f3w<\/strong> na webinarium (spotkanie online) \u201eBezpieczne p\u0142atno\u015bci w Internecie dla senior\u00f3w \u2013 II termin\u201d organizowane w ramach projektu Centrum Edukacji dla Uczestnik\u00f3w Rynku \u2013 CEDUR, we wsp\u00f3\u0142pracy<br \/>\nz Minister ds. Polityki Senioralnej oraz Komend\u0105 G\u0142\u00f3wn\u0105 Policji.<\/p>\n<p>Webinarium odb\u0119dzie si\u0119 <strong>26 czerwca 2025 roku<\/strong> (10:00-12:30).<\/p>\n<p><strong>Cel<br \/>\n<\/strong>Celem webinarium jest zwi\u0119kszenie \u015bwiadomo\u015bci senior\u00f3w i ich opiekun\u00f3w w zakresie aktualnych zagro\u017ce\u0144 spowodowanych dzia\u0142alno\u015bci\u0105 cyberprzest\u0119pc\u00f3w.<\/p>\n<p><strong>Zg\u0142oszenia<br \/>\n<\/strong>Rejestracja na webinarium CEDUR odbywa si\u0119 poprzez elektroniczny formularz zg\u0142oszeniowy \u2013 link do strony z odno\u015bnikiem do formularza:<\/p>\n<p>https:\/\/www.knf.gov.pl\/dla_rynku\/edukacja_cedur\/seminaria?articleId=93553&#038;p_id=18<\/p>\n<p>W webinarium mo\u017cna uczestniczy\u0107 zar\u00f3wno samodzielnie, jak i grupowo (zg\u0142osze\u0144 mog\u0105 dokonywa\u0107 pracownicy dom\u00f3w seniora, klub\u00f3w seniora, centr\u00f3w aktywno\u015bci seniora, dom\u00f3w pomocy spo\u0142ecznej, plac\u00f3wek spo\u0142eczno-kulturalnych np. bibliotek, dom\u00f3w kultury, itp.).<br \/>\nW przypadku zg\u0142osze\u0144 grupowych wype\u0142niaj\u0105c formularz nale\u017cy wskaza\u0107 przybli\u017con\u0105 liczb\u0119 uczestnik\u00f3w webinarium.<\/p>\n<p>Potwierdzenia mo\u017cliwo\u015bci uczestnictwa zostan\u0105 przes\u0142ane do 25 czerwca 2025 roku. Formularz zg\u0142oszeniowy b\u0119dzie dost\u0119pny do dnia, w kt\u00f3rym odb\u0119dzie si\u0119 webinarium. W przypadku zg\u0142osze\u0144, kt\u00f3re wp\u0142yn\u0105 w dniu webinarium, potwierdzenia mo\u017cliwo\u015bci uczestnictwa oraz zaproszenia na spotkanie (wraz z linkiem) b\u0119d\u0105 przesy\u0142ane na bie\u017c\u0105co.<\/p>\n<p><strong>Informacje techniczne<br \/>\n<\/strong>W celu uczestnictwa w webinarium niezb\u0119dne jest stabilne \u0142\u0105cze internetowe. W spotkaniu mo\u017cna uczestniczy\u0107 poprzez przegl\u0105dark\u0119 internetow\u0105 lub aplikacj\u0119 Cisco Webex. Szczeg\u00f3\u0142owe informacje techniczne dotycz\u0105ce do\u0142\u0105czenia do spotkania zostan\u0105 przes\u0142ane po potwierdzeniu mo\u017cliwo\u015bci uczestnictwa oraz wys\u0142aniu wiadomo\u015bci z zaproszeniem (wraz z linkiem) na spotkanie.<\/p>\n<p><strong>Op\u0142aty<br \/>\n<\/strong>Udzia\u0142 w webinarium jest bezp\u0142atny.<\/p>\n","protected":false},"excerpt":{"rendered":"<p>Urz\u0105d Komisji Nadzoru Finansowego zaprasza senior\u00f3w i ich opiekun\u00f3w na webinarium (spotkanie online) \u201eBezpieczne p\u0142atno\u015bci w Internecie dla senior\u00f3w \u2013 II termin\u201d organizowane w ramach projektu Centrum Edukacji dla Uczestnik\u00f3w Rynku \u2013 CEDUR, we wsp\u00f3\u0142pracy z Minister ds. Polityki Senioralnej oraz Komend\u0105 G\u0142\u00f3wn\u0105 Policji. Webinarium odb\u0119dzie si\u0119 26 czerwca 2025 roku (10:00-12:30). Cel Celem webinarium [&hellip;]<\/p>\n","protected":false},"author":10015,"featured_media":10845,"comment_status":"closed","ping_status":"open","sticky":false,"template":"","format":"standard","meta":{"_et_pb_use_builder":"","_et_pb_old_content":"","_et_gb_content_width":"","cybocfi_hide_featured_image":"","footnotes":""},"categories":[99,3554],"tags":[],"class_list":["post-10843","post","type-post","status-publish","format-standard","has-post-thumbnail","hentry","category-aktualnosci","category-bezpieczenstwo","high-contrast"],"_links":{"self":[{"href":"https:\/\/umtykocin.pl\/mieszkaniec\/wp-json\/wp\/v2\/posts\/10843","targetHints":{"allow":["GET"]}}],"collection":[{"href":"https:\/\/umtykocin.pl\/mieszkaniec\/wp-json\/wp\/v2\/posts"}],"about":[{"href":"https:\/\/umtykocin.pl\/mieszkaniec\/wp-json\/wp\/v2\/types\/post"}],"author":[{"embeddable":true,"href":"https:\/\/umtykocin.pl\/mieszkaniec\/wp-json\/wp\/v2\/users\/10015"}],"replies":[{"embeddable":true,"href":"https:\/\/umtykocin.pl\/mieszkaniec\/wp-json\/wp\/v2\/comments?post=10843"}],"version-history":[{"count":1,"href":"https:\/\/umtykocin.pl\/mieszkaniec\/wp-json\/wp\/v2\/posts\/10843\/revisions"}],"predecessor-version":[{"id":10846,"href":"https:\/\/umtykocin.pl\/mieszkaniec\/wp-json\/wp\/v2\/posts\/10843\/revisions\/10846"}],"wp:featuredmedia":[{"embeddable":true,"href":"https:\/\/umtykocin.pl\/mieszkaniec\/wp-json\/wp\/v2\/media\/10845"}],"wp:attachment":[{"href":"https:\/\/umtykocin.pl\/mieszkaniec\/wp-json\/wp\/v2\/media?parent=10843"}],"wp:term":[{"taxonomy":"category","embeddable":true,"href":"https:\/\/umtykocin.pl\/mieszkaniec\/wp-json\/wp\/v2\/categories?post=10843"},{"taxonomy":"post_tag","embeddable":true,"href":"https:\/\/umtykocin.pl\/mieszkaniec\/wp-json\/wp\/v2\/tags?post=10843"}],"curies":[{"name":"wp","href":"https:\/\/api.w.org\/{rel}","templated":true}]}}