{"id":10879,"date":"2025-05-22T08:49:57","date_gmt":"2025-05-22T06:49:57","guid":{"rendered":"https:\/\/umtykocin.pl\/mieszkaniec\/?p=10879"},"modified":"2025-05-22T08:49:57","modified_gmt":"2025-05-22T06:49:57","slug":"komunikat-przypominajacy-dotyczacy-programu-czyste-powietrze","status":"publish","type":"post","link":"https:\/\/umtykocin.pl\/mieszkaniec\/komunikat-przypominajacy-dotyczacy-programu-czyste-powietrze\/","title":{"rendered":"Komunikat przypominaj\u0105cy dotycz\u0105cy programu Czyste Powietrze"},"content":{"rendered":"<p>Szanowni mieszka\u0144cy przypominamy, \u017ce obecnie tylko gminy i WFO\u015aiGW s\u0105 operatorami w programie Czyste Powietrze. Prywatne firmy i osoby nie maj\u0105 prawa przedstawia\u0107 si\u0119 jako partnerzy ani pos\u0142ugiwa\u0107 si\u0119 logotypami programu Czyste Powietrze, Narodowego Funduszu Ochrony \u015arodowiska i Gospodarki WOdnej (NFO\u015aiGW) i Ministerstwa Klimatu i \u015arodowiska (MKi\u015a). Uprzejmie prosimy o zachowanie ostro\u017cno\u015bci podczas r\u00f3\u017cnego rodzaju spotka\u0144 i rozm\u00f3w zach\u0119caj\u0105cych do skorzystania z us\u0142ug firm.<\/p>\n<p>Informujemy, \u017ce na chwil\u0119 obecn\u0105 gmina Tykocin nie posiada osoby pe\u0142ni\u0105cej funkcj\u0119 operatora. Osoby, kt\u00f3re potrzebuj\u0105 wsparcia pomocy operatora prosimy o kontaktowanie si\u0119 z WFO\u015aiGW w Bia\u0142ymstoku.<\/p>\n","protected":false},"excerpt":{"rendered":"<p>Szanowni mieszka\u0144cy przypominamy, \u017ce obecnie tylko gminy i WFO\u015aiGW s\u0105 operatorami w programie Czyste Powietrze. Prywatne firmy i osoby nie maj\u0105 prawa przedstawia\u0107 si\u0119 jako partnerzy ani pos\u0142ugiwa\u0107 si\u0119 logotypami programu Czyste Powietrze, Narodowego Funduszu Ochrony \u015arodowiska i Gospodarki WOdnej (NFO\u015aiGW) i Ministerstwa Klimatu i \u015arodowiska (MKi\u015a). Uprzejmie prosimy o zachowanie ostro\u017cno\u015bci podczas r\u00f3\u017cnego rodzaju [&hellip;]<\/p>\n","protected":false},"author":10015,"featured_media":7681,"comment_status":"closed","ping_status":"open","sticky":false,"template":"","format":"standard","meta":{"_et_pb_use_builder":"","_et_pb_old_content":"","_et_gb_content_width":"","cybocfi_hide_featured_image":"","footnotes":""},"categories":[99,4090],"tags":[],"class_list":["post-10879","post","type-post","status-publish","format-standard","has-post-thumbnail","hentry","category-aktualnosci","category-program-czyste-powietrze","high-contrast"],"_links":{"self":[{"href":"https:\/\/umtykocin.pl\/mieszkaniec\/wp-json\/wp\/v2\/posts\/10879","targetHints":{"allow":["GET"]}}],"collection":[{"href":"https:\/\/umtykocin.pl\/mieszkaniec\/wp-json\/wp\/v2\/posts"}],"about":[{"href":"https:\/\/umtykocin.pl\/mieszkaniec\/wp-json\/wp\/v2\/types\/post"}],"author":[{"embeddable":true,"href":"https:\/\/umtykocin.pl\/mieszkaniec\/wp-json\/wp\/v2\/users\/10015"}],"replies":[{"embeddable":true,"href":"https:\/\/umtykocin.pl\/mieszkaniec\/wp-json\/wp\/v2\/comments?post=10879"}],"version-history":[{"count":1,"href":"https:\/\/umtykocin.pl\/mieszkaniec\/wp-json\/wp\/v2\/posts\/10879\/revisions"}],"predecessor-version":[{"id":10880,"href":"https:\/\/umtykocin.pl\/mieszkaniec\/wp-json\/wp\/v2\/posts\/10879\/revisions\/10880"}],"wp:featuredmedia":[{"embeddable":true,"href":"https:\/\/umtykocin.pl\/mieszkaniec\/wp-json\/wp\/v2\/media\/7681"}],"wp:attachment":[{"href":"https:\/\/umtykocin.pl\/mieszkaniec\/wp-json\/wp\/v2\/media?parent=10879"}],"wp:term":[{"taxonomy":"category","embeddable":true,"href":"https:\/\/umtykocin.pl\/mieszkaniec\/wp-json\/wp\/v2\/categories?post=10879"},{"taxonomy":"post_tag","embeddable":true,"href":"https:\/\/umtykocin.pl\/mieszkaniec\/wp-json\/wp\/v2\/tags?post=10879"}],"curies":[{"name":"wp","href":"https:\/\/api.w.org\/{rel}","templated":true}]}}