{"id":10958,"date":"2025-06-17T10:36:55","date_gmt":"2025-06-17T08:36:55","guid":{"rendered":"https:\/\/umtykocin.pl\/mieszkaniec\/?p=10958"},"modified":"2025-06-17T10:36:55","modified_gmt":"2025-06-17T08:36:55","slug":"informacja-o-obowiazku-zbierania-odpadow-komunalnych-w-sposob-selektywny-2","status":"publish","type":"post","link":"https:\/\/umtykocin.pl\/mieszkaniec\/informacja-o-obowiazku-zbierania-odpadow-komunalnych-w-sposob-selektywny-2\/","title":{"rendered":"Informacja o obowi\u0105zku zbierania odpad\u00f3w komunalnych w spos\u00f3b selektywny"},"content":{"rendered":"<p><strong>Szanowni Mieszka\u0144cy,<\/strong><\/p>\n<p><strong>w imieniu firmy MPO sp. z o.o. informujemy, \u017ce w miesi\u0105cu &#8211; maj 2025 r. na terenie naszej\u00a0 Gminy zarejestrowano w ni\u017cej wymienionych dniach nieznaczn\u0105 ilo\u015b\u0107 odebranych odpad\u00f3w frakcji: papier i szk\u0142o z posesji zamieszka\u0142ych co skutkuje nieosi\u0105gni\u0119ciem zamierzonego poziomu recyklingu w Gminie Tykocin.<\/strong><\/p>\n<table>\n<tbody>\n<tr>\n<td width=\"151\"><strong>PAPIER<\/strong><\/td>\n<td width=\"151\"><strong>SZK\u0141O<\/strong><\/td>\n<\/tr>\n<tr>\n<td width=\"151\"><strong>19.05.2025 \u2013 260 kg<\/strong><\/p>\n<p><strong>20.05.2025 \u2013 140 kg<\/strong><\/p>\n<p><strong>21.05.2025 \u2013 460 kg<\/strong><\/p>\n<p><strong>22.05.2025 \u2013 300 kg<\/strong><\/p>\n<p><strong>23.05.2025 \u2013 340 kg<\/strong><\/p>\n<p><strong>26.05.2025 \u2013 180 kg<\/strong><\/p>\n<p><strong>27.05.2025 \u2013 200 kg<\/strong><\/p>\n<p><strong>28.05.2025 \u2013 460 kg<\/strong><\/p>\n<p><strong>29.05.2025 \u2013 320 kg<\/strong><\/p>\n<p><strong>30.05.2025 \u2013 340 kg<\/strong><\/p>\n<p><strong>\u00a0<\/strong><\/td>\n<td width=\"151\"><strong>08.05.2025 \u2013 920 kg<\/strong><\/p>\n<p><strong>09.05.2025 \u2013 860 kg<\/strong><\/p>\n<p><strong>12.05.2025 \u2013 980 kg<\/strong><\/p>\n<p><strong>13.05.2025 \u2013 920 \u00a0kg<\/strong><\/td>\n<\/tr>\n<\/tbody>\n<\/table>\n<p><strong>\u00a0<\/strong><\/p>\n<p><strong>Przypominamy r\u00f3wnie\u017c o konieczno\u015bci przeprowadzania segregacji odpad\u00f3w \u00a0oraz ich wystawianie w dniu odbioru wskazanym w harmonogramie.<\/strong><\/p>\n","protected":false},"excerpt":{"rendered":"<p>Szanowni Mieszka\u0144cy, w imieniu firmy MPO sp. z o.o. informujemy, \u017ce w miesi\u0105cu &#8211; maj 2025 r. na terenie naszej\u00a0 Gminy zarejestrowano w ni\u017cej wymienionych dniach nieznaczn\u0105 ilo\u015b\u0107 odebranych odpad\u00f3w frakcji: papier i szk\u0142o z posesji zamieszka\u0142ych co skutkuje nieosi\u0105gni\u0119ciem zamierzonego poziomu recyklingu w Gminie Tykocin. PAPIER SZK\u0141O 19.05.2025 \u2013 260 kg 20.05.2025 \u2013 140 [&hellip;]<\/p>\n","protected":false},"author":10015,"featured_media":8825,"comment_status":"closed","ping_status":"open","sticky":false,"template":"","format":"standard","meta":{"_et_pb_use_builder":"","_et_pb_old_content":"","_et_gb_content_width":"","cybocfi_hide_featured_image":"","footnotes":""},"categories":[99,165],"tags":[],"class_list":["post-10958","post","type-post","status-publish","format-standard","has-post-thumbnail","hentry","category-aktualnosci","category-gospodarka-odpadami-komunalnymi","high-contrast"],"_links":{"self":[{"href":"https:\/\/umtykocin.pl\/mieszkaniec\/wp-json\/wp\/v2\/posts\/10958","targetHints":{"allow":["GET"]}}],"collection":[{"href":"https:\/\/umtykocin.pl\/mieszkaniec\/wp-json\/wp\/v2\/posts"}],"about":[{"href":"https:\/\/umtykocin.pl\/mieszkaniec\/wp-json\/wp\/v2\/types\/post"}],"author":[{"embeddable":true,"href":"https:\/\/umtykocin.pl\/mieszkaniec\/wp-json\/wp\/v2\/users\/10015"}],"replies":[{"embeddable":true,"href":"https:\/\/umtykocin.pl\/mieszkaniec\/wp-json\/wp\/v2\/comments?post=10958"}],"version-history":[{"count":1,"href":"https:\/\/umtykocin.pl\/mieszkaniec\/wp-json\/wp\/v2\/posts\/10958\/revisions"}],"predecessor-version":[{"id":10959,"href":"https:\/\/umtykocin.pl\/mieszkaniec\/wp-json\/wp\/v2\/posts\/10958\/revisions\/10959"}],"wp:featuredmedia":[{"embeddable":true,"href":"https:\/\/umtykocin.pl\/mieszkaniec\/wp-json\/wp\/v2\/media\/8825"}],"wp:attachment":[{"href":"https:\/\/umtykocin.pl\/mieszkaniec\/wp-json\/wp\/v2\/media?parent=10958"}],"wp:term":[{"taxonomy":"category","embeddable":true,"href":"https:\/\/umtykocin.pl\/mieszkaniec\/wp-json\/wp\/v2\/categories?post=10958"},{"taxonomy":"post_tag","embeddable":true,"href":"https:\/\/umtykocin.pl\/mieszkaniec\/wp-json\/wp\/v2\/tags?post=10958"}],"curies":[{"name":"wp","href":"https:\/\/api.w.org\/{rel}","templated":true}]}}