{"id":10979,"date":"2025-06-26T12:53:48","date_gmt":"2025-06-26T10:53:48","guid":{"rendered":"https:\/\/umtykocin.pl\/mieszkaniec\/?p=10979"},"modified":"2025-06-26T12:53:48","modified_gmt":"2025-06-26T10:53:48","slug":"zawiadomienie-do-wlascicieli-nieruchomosci-niezamieszkalych-osob-prowadzacych-dzialalnosc-na-terenie-gminy-tykocin-o-zamiarze-przeprowadzenia-postepowania-o-udzielenie-zamowienia-publicznego-na-odbi","status":"publish","type":"post","link":"https:\/\/umtykocin.pl\/mieszkaniec\/zawiadomienie-do-wlascicieli-nieruchomosci-niezamieszkalych-osob-prowadzacych-dzialalnosc-na-terenie-gminy-tykocin-o-zamiarze-przeprowadzenia-postepowania-o-udzielenie-zamowienia-publicznego-na-odbi\/","title":{"rendered":"ZAWIADOMIENIE DO W\u0141A\u015aCICIELI NIERUCHOMO\u015aCI NIEZAMIESZKA\u0141YCH (OS\u00d3B PROWADZ\u0104CYCH DZIA\u0141ALNO\u015a\u0106 NA TERENIE GMINY TYKOCIN) o zamiarze przeprowadzenia post\u0119powania o udzielenie zam\u00f3wienia publicznego na odbieranie odpad\u00f3w komunalnych od w\u0142a\u015bcicieli nieruchomo\u015bci, na kt\u00f3rych nie zamieszkuj\u0105 mieszka\u0144cy"},"content":{"rendered":"<p><strong><u>ZAWIADOMIENIE DO W\u0141A\u015aCICIELI NIERUCHOMO\u015aCI NIEZAMIESZKA\u0141YCH (OS\u00d3B PROWADZ\u0104CYCH DZIA\u0141ALNO\u015a\u0106 NA TERENIE GMINY TYKOCIN) <\/u><\/strong><strong><u>o zamiarze przeprowadzenia post\u0119powania o udzielenie zam\u00f3wienia publicznego na odbieranie odpad\u00f3w komunalnych od w\u0142a\u015bcicieli nieruchomo\u015bci, na kt\u00f3rych nie zamieszkuj\u0105 mieszka\u0144cy<br \/>\n<\/u><\/strong>Na podstawie art. 6c ust. 3c, ust.3e ustawy z dnia 13 wrze\u015bnia 1996 r. o utrzymaniu czysto\u015bci \u00a0\u00a0i porz\u0105dku w gminach (t.j. Dz. U. z 2025 r. poz. 733), Burmistrz Tykocina zawiadamia w\u0142a\u015bcicieli nieruchomo\u015bci niezamieszka\u0142ych, po\u0142o\u017conych na terenie Gminy Tykocin o zamiarze przeprowadzenia post\u0119powania o udzielenie zam\u00f3wienia publicznego na odbieranie odpad\u00f3w komunalnych, m.in. od w\u0142a\u015bcicieli nieruchomo\u015bci, na kt\u00f3rych nie zamieszkuj\u0105 mieszka\u0144cy oraz zawarcia umowy z wy\u0142onionym wykonawc\u0105 w trybie przetargu nieograniczonego tj. <strong>\u201eOdbi\u00f3r i transport odpad\u00f3w komunalnych z terenu gminy Tykocin\u201d<\/strong>.<\/p>\n<p>Maj\u0105c na uwadze powy\u017csze w\u0142a\u015bciciele nieruchomo\u015bci niezamieszka\u0142ych w terminie nie kr\u00f3tszym ni\u017c 60 dnia od daty zamieszczenia niniejszego zawiadomienia w Biuletynie Informacji Publicznej (<strong>ustala si\u0119 dat\u0119 29 sierpnia 2025 r.),<\/strong> maj\u0105 mo\u017cliwo\u015b\u0107:<\/p>\n<ul>\n<li>odwo\u0142ania o\u015bwiadczenia o wy\u0142\u0105czeniu si\u0119 z systemu odbierania odpad\u00f3w komunalnych zorganizowanego przez gmin\u0119, je\u017celi nieruchomo\u015b\u0107 jest wy\u0142\u0105czona z tego systemu na podstawie tego o\u015bwiadczenia;<\/li>\n<li>z\u0142o\u017cenia o\u015bwiadczenia o wy\u0142\u0105czeniu si\u0119 z systemu odbierania odpad\u00f3w komunalnych zorganizowanego przez gmin\u0119, je\u017celi w\u0142a\u015bciciel nieruchomo\u015bci jest obj\u0119ty tym systemem.<\/li>\n<\/ul>\n<p>W pisemnym o\u015bwiadczeniu o wy\u0142\u0105czeniu si\u0119 z systemu odbierania odpad\u00f3w komunalnych, w\u0142a\u015bciciel nieruchomo\u015bci wskazuje gminn\u0105 jednostk\u0119 organizacyjn\u0105 lub przedsi\u0119biorc\u0119, z kt\u00f3rym zawar\u0142 umow\u0119 o kt\u00f3rej mowa w art. 6 ust.1 pkt 2 ustawy z dnia 13 wrze\u015bnia 1996 r. o utrzymaniu czysto\u015bci i porz\u0105dku w gminach oraz do\u0142\u0105cza do o\u015bwiadczenia kopie tej umowy, pod rygorem nieskuteczno\u015bci o\u015bwiadczenia.<\/p>\n<p>Do nieruchomo\u015bci niezamieszka\u0142ych, na kt\u00f3rych powstaj\u0105 odpady komunalne zalicza si\u0119 m.in. sklepy, hotele, szko\u0142y, przedszkola, biura, zak\u0142ady produkcyjne, instytucje publiczne, obiekty produkcyjne, us\u0142ugowe, handlowe i hotelarskie.<\/p>\n<p><strong>O\u015bwiadczenie jest skuteczne od dnia, w kt\u00f3rym obowi\u0105zywa\u0107 b\u0119dzie nast\u0119pna umowa w sprawie zam\u00f3wienia publicznego na odbieranie odpad\u00f3w komunalnych od w\u0142a\u015bcicieli nieruchomo\u015bci, na kt\u00f3rych nie zamieszkuj\u0105 mieszka\u0144cy ( 01.05.2026 r.) i nie mo\u017ce by\u0107 odwo\u0142ane przez okres obowi\u0105zywania tej umowy.<\/strong><\/p>\n<p>Druk o\u015bwiadczenia do pobrania dost\u0119pny jest na stronie internetowej:<a href=\"https:\/\/bip-umtykocin.wrotapodlasia.pl\/\">https:\/\/bip-umtykocin.wrotapodlasia.pl\/<\/a> zak\u0142adka Gospodarka odpadami \u2013Informacje dotycz\u0105ce odpad\u00f3w 2025 r.<\/p>\n","protected":false},"excerpt":{"rendered":"<p>ZAWIADOMIENIE DO W\u0141A\u015aCICIELI NIERUCHOMO\u015aCI NIEZAMIESZKA\u0141YCH (OS\u00d3B PROWADZ\u0104CYCH DZIA\u0141ALNO\u015a\u0106 NA TERENIE GMINY TYKOCIN) o zamiarze przeprowadzenia post\u0119powania o udzielenie zam\u00f3wienia publicznego na odbieranie odpad\u00f3w komunalnych od w\u0142a\u015bcicieli nieruchomo\u015bci, na kt\u00f3rych nie zamieszkuj\u0105 mieszka\u0144cy Na podstawie art. 6c ust. 3c, ust.3e ustawy z dnia 13 wrze\u015bnia 1996 r. o utrzymaniu czysto\u015bci \u00a0\u00a0i porz\u0105dku w gminach (t.j. Dz. [&hellip;]<\/p>\n","protected":false},"author":10015,"featured_media":8825,"comment_status":"closed","ping_status":"open","sticky":false,"template":"","format":"standard","meta":{"_et_pb_use_builder":"","_et_pb_old_content":"","_et_gb_content_width":"","cybocfi_hide_featured_image":"","footnotes":""},"categories":[99,165],"tags":[],"class_list":["post-10979","post","type-post","status-publish","format-standard","has-post-thumbnail","hentry","category-aktualnosci","category-gospodarka-odpadami-komunalnymi","high-contrast"],"_links":{"self":[{"href":"https:\/\/umtykocin.pl\/mieszkaniec\/wp-json\/wp\/v2\/posts\/10979","targetHints":{"allow":["GET"]}}],"collection":[{"href":"https:\/\/umtykocin.pl\/mieszkaniec\/wp-json\/wp\/v2\/posts"}],"about":[{"href":"https:\/\/umtykocin.pl\/mieszkaniec\/wp-json\/wp\/v2\/types\/post"}],"author":[{"embeddable":true,"href":"https:\/\/umtykocin.pl\/mieszkaniec\/wp-json\/wp\/v2\/users\/10015"}],"replies":[{"embeddable":true,"href":"https:\/\/umtykocin.pl\/mieszkaniec\/wp-json\/wp\/v2\/comments?post=10979"}],"version-history":[{"count":1,"href":"https:\/\/umtykocin.pl\/mieszkaniec\/wp-json\/wp\/v2\/posts\/10979\/revisions"}],"predecessor-version":[{"id":10980,"href":"https:\/\/umtykocin.pl\/mieszkaniec\/wp-json\/wp\/v2\/posts\/10979\/revisions\/10980"}],"wp:featuredmedia":[{"embeddable":true,"href":"https:\/\/umtykocin.pl\/mieszkaniec\/wp-json\/wp\/v2\/media\/8825"}],"wp:attachment":[{"href":"https:\/\/umtykocin.pl\/mieszkaniec\/wp-json\/wp\/v2\/media?parent=10979"}],"wp:term":[{"taxonomy":"category","embeddable":true,"href":"https:\/\/umtykocin.pl\/mieszkaniec\/wp-json\/wp\/v2\/categories?post=10979"},{"taxonomy":"post_tag","embeddable":true,"href":"https:\/\/umtykocin.pl\/mieszkaniec\/wp-json\/wp\/v2\/tags?post=10979"}],"curies":[{"name":"wp","href":"https:\/\/api.w.org\/{rel}","templated":true}]}}