{"id":10994,"date":"2025-06-30T15:12:10","date_gmt":"2025-06-30T13:12:10","guid":{"rendered":"https:\/\/umtykocin.pl\/mieszkaniec\/?p=10994"},"modified":"2025-06-30T15:12:10","modified_gmt":"2025-06-30T13:12:10","slug":"informacja-powiatowego-lekarza-weterynarii-w-bialymstoku-dotyczaca-ognisk-afrykanskiego-pomoru-swin-asf","status":"publish","type":"post","link":"https:\/\/umtykocin.pl\/mieszkaniec\/informacja-powiatowego-lekarza-weterynarii-w-bialymstoku-dotyczaca-ognisk-afrykanskiego-pomoru-swin-asf\/","title":{"rendered":"Informacja Powiatowego Lekarza Weterynarii w Bia\u0142ymstoku dotycz\u0105ca ognisk afryka\u0144skiego pomoru \u015bwi\u0144 (ASF)"},"content":{"rendered":"<p>Powiatowy Lekarz Weterynarii w Bia\u0142ymstoku w zwi\u0105zku z potwierdzeniem dw\u00f3ch pierwszych w 2025 roku ognisk afryka\u0144skiego pomoru \u015bwi\u0144 (ASF) u \u015bwi\u0144 domowych na terytorium Rzeczypospolitej Polskiej, przypomina o utrzymuj\u0105cym si\u0119 zwi\u0119kszonym ryzyku wnikni\u0119cia wirusa ASF do gospodarstw utrzymuj\u0105cych trzod\u0119 chlewn\u0105 wynikaj\u0105c\u0105 z intensywnych prac polowych oraz du\u017c\u0105 presj\u0105 wirusa ASF w \u015brodowisku, poleca zwr\u00f3cenie uwagi hodowc\u00f3w \u015bwi\u0144 na bezwzgl\u0119dne przestrzeganie wymaga\u0144 w zakresie bioasekuracji gospodarstw w kt\u00f3rych utrzymywana jest trzoda chlewna, a ka\u017cdy przypadek padni\u0119cia \u015bwi\u0144 lub wyst\u0105pienia niepokoj\u0105cych objaw\u00f3w przekazywanie do urz\u0119dowego lekarza weterynarii lub bezpo\u015brednio do Powiatowego Lekarza Weterynarii w Bia\u0142ymstoku.<\/p>\n<p>Jako istotne zagro\u017cenia i czynniki sprzyjaj\u0105ce szerzeniu si\u0119 wirusa afryka\u0144skiego pomoru \u015bwi\u0144 nale\u017cy wskaza\u0107 w szczeg\u00f3lno\u015bci:<\/p>\n<ul>\n<li>wzmo\u017con\u0105 aktywno\u015b\u0107 rolnicz\u0105 i le\u015bn\u0105, w tym \u017cniwa, sianokosy, prace przy uprawach i pozyskiwaniu drewna \u2013 kt\u00f3re wi\u0105\u017c\u0105 si\u0119 z cz\u0119stym poruszaniem si\u0119 ludzi i sprz\u0119tu po terenach bytowania dzik\u00f3w;<\/li>\n<li>zwi\u0119kszony ruch osobowy i turystyczny \u2013 m.in. grzybiarze, tury\u015bci, my\u015bliwi, rowerzy\u015bci, osoby odwiedzaj\u0105ce tereny wiejskie \u2013 co zwi\u0119ksza ryzyko przypadkowego zawleczenia wirusa ASF do gospodarstw, zw\u0142aszcza na obuwiu, odzie\u017cy czy ko\u0142ach pojazd\u00f3w; sezonowe zatrudnianie pracownik\u00f3w w gospodarstwach \u2013 cz\u0119sto z r\u00f3\u017cnych region\u00f3w kraju lub zza granicy \u2013 co wi\u0105\u017ce si\u0119 z du\u017c\u0105 rotacj\u0105 os\u00f3b;<\/li>\n<li>w okresie letnim mo\u017cna zaobserwowa\u0107 zwi\u0119kszon\u0105 aktywno\u015b\u0107 i migracje dzik\u00f3w; wysokie temperatury i wilgotno\u015b\u0107, sprzyjaj\u0105ce przetrwaniu wirusa ASF w \u015brodowisku, w materiale biologicznym i organicznym (np. gleba, szcz\u0105tki);<br \/>\n<u>W przypadku prac polowych wykonywanych w miejscach bytowania\/przebywania dzik\u00f3w. Powiatowy Lekarz Weterynarii w Bia\u0142ymstoku poleca natychmiastowe zg\u0142aszanie przypadk\u00f3w znalezienia dzik\u00f3w pad\u0142ych,<\/u><\/li>\n<li>wzrost populacji i aktywno\u015bci owad\u00f3w oraz gryzoni, kt\u00f3re mog\u0105 mechanicznie przenosi\u0107 materia\u0142 zaka\u017any do wn\u0119trza budynk\u00f3w inwentarskich.<\/li>\n<\/ul>\n<p>Zgodnie z art. 42 ustawy z dnia 11 marca 2004 r. o ochronie zdrowia zwierz\u0105t oraz zwalczaniu chor\u00f3b zaka\u017anych zwierz\u0105t (t.j. Dz. U. z 2023 r. poz. 1075 z p\u00f3\u017an. zm.)<br \/>\nW przypadku podejrzenia wyst\u0105pienia choroby zaka\u017anej zwierz\u0105t, <strong>a w szczeg\u00f3lno\u015bci poronienia u byd\u0142a, \u015bwi\u0144, owiec i k\u00f3z, objaw\u00f3w neurologicznych u zwierz\u0105t, znacznej liczby nag\u0142ych padni\u0119\u0107, zmian o charakterze krost, p\u0119cherzy, nad\u017cerek lub wybroczyn na sk\u00f3rze i b\u0142onach \u015bluzowych zwierz\u0105t kopytnych oraz podwy\u017cszonej \u015bmiertelno\u015bci zwierz\u0105t akwakultury<\/strong>, posiadacz zwierz\u0119cia jest obowi\u0105zany do:<br \/>\n1) niezw\u0142ocznego zawiadomienia o tym organu Inspekcji Weterynaryjnej albo najbli\u017cszego podmiotu \u015bwiadcz\u0105cego us\u0142ugi z zakresu medycyny weterynaryjnej, albo w\u00f3jta (burmistrza, prezydenta miasta);<br \/>\n2) pozostawienia zwierz\u0105t w miejscu ich przebywania i niewprowadzania tam innych zwierz\u0105t;<br \/>\n3) uniemo\u017cliwienia osobom postronnym dost\u0119pu do pomieszcze\u0144 lub miejsc, w kt\u00f3rych znajduj\u0105 si\u0119 zwierz\u0119ta podejrzane o zaka\u017cenie lub chorob\u0119, lub zw\u0142oki zwierz\u0119ce;<br \/>\n4) wstrzymania si\u0119 od wywo\u017cenia, wynoszenia i zbywania produkt\u00f3w, w szczeg\u00f3lno\u015bci mi\u0119sa, zw\u0142ok zwierz\u0119cych, pasz, wody, \u015bci\u00f3\u0142ki, nawoz\u00f3w naturalnych w rozumieniu przepis\u00f3w o nawozach i nawo\u017ceniu i innych przedmiot\u00f3w znajduj\u0105cych si\u0119 w miejscu, w kt\u00f3rym wyst\u0105pi\u0142a choroba;<br \/>\n5) udost\u0119pnienia organom Inspekcji Weterynaryjnej zwierz\u0105t i zw\u0142ok zwierz\u0119cych do bada\u0144 i zabieg\u00f3w weterynaryjnych, a tak\u017ce udzielania pomocy przy ich wykonywaniu;<br \/>\n6) udzielania organom Inspekcji Weterynaryjnej oraz osobom dzia\u0142aj\u0105cym w imieniu tych organ\u00f3w wyja\u015bnie\u0144 i podawania informacji, kt\u00f3re mog\u0105 mie\u0107 znaczenie dla wykrycia choroby i \u017ar\u00f3de\u0142 zaka\u017cenia lub zapobiegania jej szerzeniu.<\/p>\n<p>Lekarze weterynarii prowadz\u0105cy woln\u0105 praktyk\u0119 maj\u0105 szczeg\u00f3lne obowi\u0105zki, poniewa\u017c jako profesjonali\u015bci podlegaj\u0105 dodatkowym rygorom prawnym i etycznym tj. maj\u0105 obowi\u0105zek natychmiastowego zg\u0142oszenia do powiatowego lekarza weterynarii ka\u017cdego przypadku lub podejrzenia wyst\u0105pienia choroby zaka\u017anej (w tym ASF). Lekarze wolnej praktyki nie mog\u0105 podejmowa\u0107 dzia\u0142a\u0144 leczniczych ani sugerowa\u0107 uboju, je\u015bli istnieje podejrzenie ASF lub innej choroby zaka\u017anej. Lekarz weterynarii powinien by\u0107 czujny na nietypowe objawy kliniczne i w razie ich zauwa\u017cenia niezw\u0142ocznie podj\u0105\u0107 dzia\u0142ania zgodne z przepisami, a dodatkowo w ramach swoich rutynowych obowi\u0105zk\u00f3w powinien instruowa\u0107 hodowc\u00f3w o zasadach bioasekuracji i objawach ASF.<\/p>\n<p>Hodowcy trzody chlewnej maj\u0105 obowi\u0105zek regularnej obserwacji zwierz\u0105t pod k\u0105tem objaw\u00f3w chorobowych (np. gor\u0105czka, osowia\u0142o\u015b\u0107, sinica sk\u00f3ry, padni\u0119cia) natomiast szczeg\u00f3ln\u0105 uwag\u0119 powinny zwraca\u0107 nag\u0142e padni\u0119cia bez wyra\u017anych przyczyn. We wszystkich stadach \u015bwi\u0144 w tym stadach prowadz\u0105cych hodowl\u0119 na u\u017cytek w\u0142asny powinna by\u0107 prowadzona dokumentacja padni\u0119\u0107, uboj\u00f3w oraz dokumentacja zwi\u0105zana z przemieszczaniem \u015bwi\u0144.<\/p>\n<p>W kontek\u015bcie obecnej sytuacji epizootycznej, a zw\u0142aszcza potwierdzonych przypadk\u00f3w ASF u dzik\u00f3w w wojew\u00f3dztwie, przypominam o konieczno\u015bci utrzymywania wysokiego poziomu czujno\u015bci i gotowo\u015bci do szybkiego reagowania na wszelkie sygna\u0142y mog\u0105ce wskazywa\u0107 na zagro\u017cenie wnikni\u0119cia wirusa do gospodarstw utrzymuj\u0105cych \u015bwinie. Szczeg\u00f3lna uwaga powinna by\u0107 skoncentrowana na obszarach o podwy\u017cszonym ryzyku \u2013 w tym na terenach le\u015bnych i ich otoczeniu, miejscach intensywnego wyst\u0119powania dzik\u00f3w oraz w pobli\u017cu wcze\u015bniejszych ognisk choroby. Podkre\u015blam r\u00f3wnie\u017c, \u017ce skuteczne przeciwdzia\u0142anie rozprzestrzenianiu si\u0119 ASF wymaga sta\u0142ej, skoordynowanej wsp\u00f3\u0142pracy mi\u0119dzy s\u0142u\u017cbami weterynaryjnymi, samorz\u0105dami, ko\u0142ami \u0142owieckimi, le\u015bnictwem, a w szczeg\u00f3lno\u015bci osobami prowadz\u0105cymi<\/p>\n<p>Szczeg\u00f3\u0142owe informacje na temat zabezpieczenia gospodarstw utrzymuj\u0105cych \u015bwinie pod k\u0105tem mo\u017cliwo\u015bci wprowadzenia wirusa ASF do stada (BIOASEKURACJA),\u00a0 jak r\u00f3wnie\u017c aktualny stan prawny \u00a0w zakresie afryka\u0144skiego pomoru \u015bwi\u0144\u00a0 znajduj\u0105 si\u0119 na stronach internetowych G\u0142\u00f3wnego Lekarza Weterynarii (https:\/\/www.wetgiw.gov.pl\/nadzor-weterynaryjny\/informacje-dla-hodowcow), Pa\u0144stwowego Instytutu Weterynaryjnego \u2013 Pa\u0144stwowego Instytutu Badawczego w Pu\u0142awach (http:\/\/www.piwet.pulawy.pl\/ w zak\u0142adce Komunikaty \u2013 Afryka\u0144ski Pom\u00f3r \u015awi\u0144) oraz na stronie internetowej Powiatowego Lekarza Weterynarii w Bia\u0142ymstoku (https:\/\/piwbial.pl\/asf.html<\/p>\n","protected":false},"excerpt":{"rendered":"<p>Powiatowy Lekarz Weterynarii w Bia\u0142ymstoku w zwi\u0105zku z potwierdzeniem dw\u00f3ch pierwszych w 2025 roku ognisk afryka\u0144skiego pomoru \u015bwi\u0144 (ASF) u \u015bwi\u0144 domowych na terytorium Rzeczypospolitej Polskiej, przypomina o utrzymuj\u0105cym si\u0119 zwi\u0119kszonym ryzyku wnikni\u0119cia wirusa ASF do gospodarstw utrzymuj\u0105cych trzod\u0119 chlewn\u0105 wynikaj\u0105c\u0105 z intensywnych prac polowych oraz du\u017c\u0105 presj\u0105 wirusa ASF w \u015brodowisku, poleca zwr\u00f3cenie uwagi [&hellip;]<\/p>\n","protected":false},"author":10015,"featured_media":10605,"comment_status":"closed","ping_status":"open","sticky":false,"template":"","format":"standard","meta":{"_et_pb_use_builder":"","_et_pb_old_content":"","_et_gb_content_width":"","cybocfi_hide_featured_image":"","footnotes":""},"categories":[99,3554,1328],"tags":[],"class_list":["post-10994","post","type-post","status-publish","format-standard","has-post-thumbnail","hentry","category-aktualnosci","category-bezpieczenstwo","category-rolnictwo","high-contrast"],"_links":{"self":[{"href":"https:\/\/umtykocin.pl\/mieszkaniec\/wp-json\/wp\/v2\/posts\/10994","targetHints":{"allow":["GET"]}}],"collection":[{"href":"https:\/\/umtykocin.pl\/mieszkaniec\/wp-json\/wp\/v2\/posts"}],"about":[{"href":"https:\/\/umtykocin.pl\/mieszkaniec\/wp-json\/wp\/v2\/types\/post"}],"author":[{"embeddable":true,"href":"https:\/\/umtykocin.pl\/mieszkaniec\/wp-json\/wp\/v2\/users\/10015"}],"replies":[{"embeddable":true,"href":"https:\/\/umtykocin.pl\/mieszkaniec\/wp-json\/wp\/v2\/comments?post=10994"}],"version-history":[{"count":1,"href":"https:\/\/umtykocin.pl\/mieszkaniec\/wp-json\/wp\/v2\/posts\/10994\/revisions"}],"predecessor-version":[{"id":10995,"href":"https:\/\/umtykocin.pl\/mieszkaniec\/wp-json\/wp\/v2\/posts\/10994\/revisions\/10995"}],"wp:featuredmedia":[{"embeddable":true,"href":"https:\/\/umtykocin.pl\/mieszkaniec\/wp-json\/wp\/v2\/media\/10605"}],"wp:attachment":[{"href":"https:\/\/umtykocin.pl\/mieszkaniec\/wp-json\/wp\/v2\/media?parent=10994"}],"wp:term":[{"taxonomy":"category","embeddable":true,"href":"https:\/\/umtykocin.pl\/mieszkaniec\/wp-json\/wp\/v2\/categories?post=10994"},{"taxonomy":"post_tag","embeddable":true,"href":"https:\/\/umtykocin.pl\/mieszkaniec\/wp-json\/wp\/v2\/tags?post=10994"}],"curies":[{"name":"wp","href":"https:\/\/api.w.org\/{rel}","templated":true}]}}