{"id":10996,"date":"2025-07-01T13:18:57","date_gmt":"2025-07-01T11:18:57","guid":{"rendered":"https:\/\/umtykocin.pl\/mieszkaniec\/?p=10996"},"modified":"2025-07-01T13:18:57","modified_gmt":"2025-07-01T11:18:57","slug":"informacja-o-konczacym-sie-okresie-przejsciowym-w-programie-czyste-powietrze","status":"publish","type":"post","link":"https:\/\/umtykocin.pl\/mieszkaniec\/informacja-o-konczacym-sie-okresie-przejsciowym-w-programie-czyste-powietrze\/","title":{"rendered":"Informacja o ko\u0144cz\u0105cym si\u0119 okresie przej\u015bciowym w programie Czyste Powietrze"},"content":{"rendered":"<p>Ko\u0144czy si\u0119 okres przej\u015bciowy w programie Czyste Powietrze w naborze trwaj\u0105cym od 31.03.2025 r. Z\u0142\u00f3\u017c wniosek do ko\u0144ca lipca<\/p>\n<p><strong>W marcu 2025 r. ruszy\u0142 nowy nab\u00f3r w programie Czyste Powietrze, a dla os\u00f3b, kt\u00f3re ponios\u0142y koszty inwestycji jeszcze przed jego uruchomieniem, wprowadzono okres przej\u015bciowy. Trwa on cztery miesi\u0105ce \u2013 do ko\u0144ca lipca \u2013 i umo\u017cliwia uzyskanie dofinansowania na wydatki kwalifikowane od 28 maja 2024 r. Po tym terminie ta mo\u017cliwo\u015b\u0107 przestaje obowi\u0105zywa\u0107.<\/strong><\/p>\n<p><strong>Ostatni dzwonek \u2013 ko\u0144czy si\u0119 wyj\u0105tkowy okres wsparcia<\/strong><\/p>\n<p>Jeszcze tylko do ko\u0144ca lipca br. trwa tzw. okres przej\u015bciowy w nowej wersji programu Czyste Powietrze. Zosta\u0142 on uruchomiony 31 marca 2025 r. i daje mo\u017cliwo\u015b\u0107 uzyskania dotacji za wydatki poniesione ju\u017c od 28 maja 2024 r. To propozycja dla tych, kt\u00f3rzy z r\u00f3\u017cnych powod\u00f3w nie zd\u0105\u017cyli z\u0142o\u017cy\u0107 wniosku o dofinansowanie przed zawieszeniem poprzedniego naboru.<\/p>\n<p>Od 1 sierpnia termin ponoszenia koszt\u00f3w kwalifikowanych w nowym programie Czyste Powietrze b\u0119dzie liczony wed\u0142ug zasady: nie wcze\u015bniej ni\u017c 6 miesi\u0119cy przed dat\u0105 z\u0142o\u017cenia wniosku o dofinansowanie. Koszty poniesione wcze\u015bniej, jak i przed oddaniem budynku do u\u017cytkowania, nie b\u0119d\u0105 kwalifikowane.<\/p>\n<p><strong>Najpierw termomodernizacja, potem gaz \u2013 to klucz do pe\u0142nego wsparcia<\/strong><\/p>\n<p>Ci, kt\u00f3rzy czekaj\u0105 na ponowne uruchomienie naboru dotycz\u0105cego dofinansowania na gaz, ju\u017c wkr\u00f3tce, w po\u0142owie lipca, b\u0119d\u0105 mieli tak\u0105 mo\u017cliwo\u015b\u0107. Aby m\u00f3c z tego w pe\u0142ni skorzysta\u0107, nale\u017cy najpierw z\u0142o\u017cy\u0107 wniosek w ramach obecnego okresu przej\u015bciowego na wydatki zwi\u0105zane np. z ociepleniem budynku, wymian\u0105 okien i drzwi lub wentylacj\u0105. Dopiero wtedy b\u0119dzie mo\u017cna z\u0142o\u017cy\u0107 drugi wniosek \u2013 tym razem o dotacj\u0119 na gaz, gdy nab\u00f3r zostanie wznowiony w po\u0142owie lipca w ramach starszej wersji programu obowi\u0105zuj\u0105cej w 2024 r.<\/p>\n<p><strong>Odwrotna kolejno\u015b\u0107? B\u0119d\u0105 ograniczenia<\/strong><\/p>\n<p>Warto pami\u0119ta\u0107: je\u015bli jako pierwszy zostanie z\u0142o\u017cony wniosek o dotacj\u0119 na gaz, a nie ten dotycz\u0105cy termomodernizacji w nowym naborze, skorzystanie z kolejnego naboru b\u0119dzie mo\u017cliwe dopiero po zako\u0144czeniu i rozliczeniu tej inwestycji. Odwrotna kolejno\u015b\u0107 \u2013 czyli najpierw termomodernizacja (wniosek w nowej wersji programu), potem gaz (wniosek w poprzedniej wersji programu) \u2013 pozwala unikn\u0105\u0107 tych ogranicze\u0144.<\/p>\n<p>czystepowietrze.gov.pl<\/p>\n<p>***<\/p>\n<p>W skr\u00f3cie:<\/p>\n<p><strong>Jak po\u0142\u0105czy\u0107 dotacje z dw\u00f3ch nabor\u00f3w w programie Czyste Powietrze?<\/strong><\/p>\n<p>Mo\u017cliwe jest po\u0142\u0105czenie dw\u00f3ch dotacji dla jednego budynku:<\/p>\n<ul>\n<li>z naboru od 31.03.2025 r. (nowe zasady \u2013 tutaj skorzystaj z okresu przej\u015bciowego i mo\u017cliwo\u015bci rozliczenia koszt\u00f3w termomodernizacji poniesionych od 28 maja 2024 r.),<\/li>\n<li>z wznowionego naboru \u2013 w po\u0142owie lipca \u2013 dotycz\u0105cego kot\u0142\u00f3w gazowych.<\/li>\n<\/ul>\n<p><strong>Kolejno\u015b\u0107 sk\u0142adania wniosk\u00f3w ma ogromne znaczenie:<\/strong><\/p>\n<p>Je\u015bli ponios\u0142e\u015b koszty termomodernizacji w 2024 r.:<\/p>\n<ul>\n<li>Najpierw z\u0142\u00f3\u017c wniosek w naborze od 31.03.2025 r. do ko\u0144ca lipca,<\/li>\n<li>Nast\u0119pnie z\u0142\u00f3\u017c wniosek w starszej wersji programu na dofinansowanie do \u017ar\u00f3d\u0142a gazowego zamontowanego w 2024 r. (nab\u00f3r w po\u0142owie lipca).<\/li>\n<\/ul>\n<p>Je\u015bli planujesz termomodernizacj\u0119 dopiero w przysz\u0142o\u015bci:<\/p>\n<ul>\n<li>Je\u015bli najpierw z\u0142o\u017cysz wniosek w naborze na \u017ar\u00f3d\u0142a gazowe \u2013 musisz zako\u0144czy\u0107 i rozliczy\u0107 to przedsi\u0119wzi\u0119cie, by z\u0142o\u017cy\u0107 kolejny wniosek w naborze trwaj\u0105cym od 31.03.2025 r.<\/li>\n<\/ul>\n<p><strong>Uwaga:<\/strong> wnioski sk\u0142adane w naborze na dofinansowanie do \u017ar\u00f3d\u0142a gazowego zamontowanego w 2024 r. nie b\u0119d\u0105 wymaga\u0142y rozliczenia wcze\u015bniejszego wniosku o dofinansowanie do termomodernizacji. Pami\u0119taj jednak o odpowiedniej kolejno\u015bci sk\u0142adania wniosk\u00f3w.<\/p>\n","protected":false},"excerpt":{"rendered":"<p>Ko\u0144czy si\u0119 okres przej\u015bciowy w programie Czyste Powietrze w naborze trwaj\u0105cym od 31.03.2025 r. Z\u0142\u00f3\u017c wniosek do ko\u0144ca lipca W marcu 2025 r. ruszy\u0142 nowy nab\u00f3r w programie Czyste Powietrze, a dla os\u00f3b, kt\u00f3re ponios\u0142y koszty inwestycji jeszcze przed jego uruchomieniem, wprowadzono okres przej\u015bciowy. Trwa on cztery miesi\u0105ce \u2013 do ko\u0144ca lipca \u2013 i umo\u017cliwia [&hellip;]<\/p>\n","protected":false},"author":10015,"featured_media":7681,"comment_status":"closed","ping_status":"open","sticky":false,"template":"","format":"standard","meta":{"_et_pb_use_builder":"","_et_pb_old_content":"","_et_gb_content_width":"","cybocfi_hide_featured_image":"","footnotes":""},"categories":[99,4090],"tags":[],"class_list":["post-10996","post","type-post","status-publish","format-standard","has-post-thumbnail","hentry","category-aktualnosci","category-program-czyste-powietrze","high-contrast"],"_links":{"self":[{"href":"https:\/\/umtykocin.pl\/mieszkaniec\/wp-json\/wp\/v2\/posts\/10996","targetHints":{"allow":["GET"]}}],"collection":[{"href":"https:\/\/umtykocin.pl\/mieszkaniec\/wp-json\/wp\/v2\/posts"}],"about":[{"href":"https:\/\/umtykocin.pl\/mieszkaniec\/wp-json\/wp\/v2\/types\/post"}],"author":[{"embeddable":true,"href":"https:\/\/umtykocin.pl\/mieszkaniec\/wp-json\/wp\/v2\/users\/10015"}],"replies":[{"embeddable":true,"href":"https:\/\/umtykocin.pl\/mieszkaniec\/wp-json\/wp\/v2\/comments?post=10996"}],"version-history":[{"count":1,"href":"https:\/\/umtykocin.pl\/mieszkaniec\/wp-json\/wp\/v2\/posts\/10996\/revisions"}],"predecessor-version":[{"id":10997,"href":"https:\/\/umtykocin.pl\/mieszkaniec\/wp-json\/wp\/v2\/posts\/10996\/revisions\/10997"}],"wp:featuredmedia":[{"embeddable":true,"href":"https:\/\/umtykocin.pl\/mieszkaniec\/wp-json\/wp\/v2\/media\/7681"}],"wp:attachment":[{"href":"https:\/\/umtykocin.pl\/mieszkaniec\/wp-json\/wp\/v2\/media?parent=10996"}],"wp:term":[{"taxonomy":"category","embeddable":true,"href":"https:\/\/umtykocin.pl\/mieszkaniec\/wp-json\/wp\/v2\/categories?post=10996"},{"taxonomy":"post_tag","embeddable":true,"href":"https:\/\/umtykocin.pl\/mieszkaniec\/wp-json\/wp\/v2\/tags?post=10996"}],"curies":[{"name":"wp","href":"https:\/\/api.w.org\/{rel}","templated":true}]}}