{"id":11029,"date":"2025-07-09T08:35:16","date_gmt":"2025-07-09T06:35:16","guid":{"rendered":"https:\/\/umtykocin.pl\/mieszkaniec\/?p=11029"},"modified":"2025-07-09T08:35:16","modified_gmt":"2025-07-09T06:35:16","slug":"harmonogram-odbioru-odpadow-na-terenie-gminy-tykocin","status":"publish","type":"post","link":"https:\/\/umtykocin.pl\/mieszkaniec\/harmonogram-odbioru-odpadow-na-terenie-gminy-tykocin\/","title":{"rendered":"Harmonogram odbioru odpad\u00f3w na terenie Gminy Tykocin"},"content":{"rendered":"<p>Szanowni Mieszka\u0144cy!<\/p>\n<p>Zapraszamy do zapoznania si\u0119 z zaktualizowanym harmonogram odbioru odpad\u00f3w w okresie od lipca 2025 roku do kwietnia 2026 roku.<\/p>\n<p>Harmonogram zosta\u0142 rozszerzony o 2026 rok oraz o terminy odbioru gabaryt\u00f3w.<\/p>\n<p>Zach\u0119camy r\u00f3wnie\u017c do korzystania z PSZOK zlokalizowanego przy ul. Holendry w Tykocinie.<\/p>\n<p><a href=\"http:\/\/umtykocin.pl\/mieszkaniec\/wp-content\/uploads\/sites\/4\/2025\/07\/2025-Tykocin-harmonogram-od-Lipca.pdf\">2025 &#8211; Tykocin harmonogram<\/a><\/p>\n","protected":false},"excerpt":{"rendered":"<p>Szanowni Mieszka\u0144cy! Zapraszamy do zapoznania si\u0119 z zaktualizowanym harmonogram odbioru odpad\u00f3w w okresie od lipca 2025 roku do kwietnia 2026 roku. Harmonogram zosta\u0142 rozszerzony o 2026 rok oraz o terminy odbioru gabaryt\u00f3w. Zach\u0119camy r\u00f3wnie\u017c do korzystania z PSZOK zlokalizowanego przy ul. Holendry w Tykocinie. 2025 &#8211; Tykocin harmonogram<\/p>\n","protected":false},"author":10015,"featured_media":8825,"comment_status":"closed","ping_status":"open","sticky":false,"template":"","format":"standard","meta":{"_et_pb_use_builder":"","_et_pb_old_content":"","_et_gb_content_width":"","cybocfi_hide_featured_image":"","footnotes":""},"categories":[99,165],"tags":[],"class_list":["post-11029","post","type-post","status-publish","format-standard","has-post-thumbnail","hentry","category-aktualnosci","category-gospodarka-odpadami-komunalnymi","high-contrast"],"_links":{"self":[{"href":"https:\/\/umtykocin.pl\/mieszkaniec\/wp-json\/wp\/v2\/posts\/11029","targetHints":{"allow":["GET"]}}],"collection":[{"href":"https:\/\/umtykocin.pl\/mieszkaniec\/wp-json\/wp\/v2\/posts"}],"about":[{"href":"https:\/\/umtykocin.pl\/mieszkaniec\/wp-json\/wp\/v2\/types\/post"}],"author":[{"embeddable":true,"href":"https:\/\/umtykocin.pl\/mieszkaniec\/wp-json\/wp\/v2\/users\/10015"}],"replies":[{"embeddable":true,"href":"https:\/\/umtykocin.pl\/mieszkaniec\/wp-json\/wp\/v2\/comments?post=11029"}],"version-history":[{"count":1,"href":"https:\/\/umtykocin.pl\/mieszkaniec\/wp-json\/wp\/v2\/posts\/11029\/revisions"}],"predecessor-version":[{"id":11031,"href":"https:\/\/umtykocin.pl\/mieszkaniec\/wp-json\/wp\/v2\/posts\/11029\/revisions\/11031"}],"wp:featuredmedia":[{"embeddable":true,"href":"https:\/\/umtykocin.pl\/mieszkaniec\/wp-json\/wp\/v2\/media\/8825"}],"wp:attachment":[{"href":"https:\/\/umtykocin.pl\/mieszkaniec\/wp-json\/wp\/v2\/media?parent=11029"}],"wp:term":[{"taxonomy":"category","embeddable":true,"href":"https:\/\/umtykocin.pl\/mieszkaniec\/wp-json\/wp\/v2\/categories?post=11029"},{"taxonomy":"post_tag","embeddable":true,"href":"https:\/\/umtykocin.pl\/mieszkaniec\/wp-json\/wp\/v2\/tags?post=11029"}],"curies":[{"name":"wp","href":"https:\/\/api.w.org\/{rel}","templated":true}]}}