{"id":11061,"date":"2025-07-17T10:56:43","date_gmt":"2025-07-17T08:56:43","guid":{"rendered":"https:\/\/umtykocin.pl\/mieszkaniec\/?p=11061"},"modified":"2025-07-17T10:56:43","modified_gmt":"2025-07-17T08:56:43","slug":"program-czyste-powietrze-informacja-ostrzegajaca","status":"publish","type":"post","link":"https:\/\/umtykocin.pl\/mieszkaniec\/program-czyste-powietrze-informacja-ostrzegajaca\/","title":{"rendered":"Program &#8222;Czyste Powietrze&#8221; &#8211; informacja ostrzegaj\u0105ca"},"content":{"rendered":"<p>\ud83d\udea8 UWAGA MIESZKA\u0143CY GMINY TYKOCIN! \ud83d\udea8<\/p>\n<p>Otrzymujemy sygna\u0142y o osobach odwiedzaj\u0105cych domy mieszka\u0144c\u00f3w i podszywaj\u0105cych si\u0119 pod firmy wsp\u00f3\u0142pracuj\u0105ce z Gmin\u0105 Tykocin dotycz\u0105ce programu \u201eCzyste Powietrze\u201d.<\/p>\n<p>\u203c\ufe0f Informujemy, \u017ce Urz\u0105d Miejski w Tykocinie NIE organizowa\u0142 w tym roku \u017cadnych spotka\u0144 dotycz\u0105cych tego programu i NIE wsp\u00f3\u0142pracuje z \u017cadn\u0105 firm\u0105 odwiedzaj\u0105c\u0105 wasze posesje.<\/p>\n<p>&nbsp;<\/p>\n<p>\ud83d\uded1 Nie udost\u0119pniajcie danych osobowych!<\/p>\n<p>\ud83d\udd75\ufe0f\u200d\u2642\ufe0f Zachowajcie czujno\u015b\u0107 i rozwag\u0119 podczas rozm\u00f3w z nieznajomymi!<\/p>\n<p>\ud83d\udc75\ud83d\udc74 Szczeg\u00f3ln\u0105 ostro\u017cno\u015b\u0107 zalecamy osobom starszym.<\/p>\n<p>&nbsp;<\/p>\n<p>W razie w\u0105tpliwo\u015bci \u2013 zawsze mo\u017cecie skontaktowa\u0107 si\u0119 z naszym urz\u0119dem.<\/p>\n<p>Dbajmy wsp\u00f3lnie o bezpiecze\u0144stwo naszej spo\u0142eczno\u015bci! \ud83e\udd1d<\/p>\n<p>&nbsp;<\/p>\n","protected":false},"excerpt":{"rendered":"<p>\ud83d\udea8 UWAGA MIESZKA\u0143CY GMINY TYKOCIN! \ud83d\udea8 Otrzymujemy sygna\u0142y o osobach odwiedzaj\u0105cych domy mieszka\u0144c\u00f3w i podszywaj\u0105cych si\u0119 pod firmy wsp\u00f3\u0142pracuj\u0105ce z Gmin\u0105 Tykocin dotycz\u0105ce programu \u201eCzyste Powietrze\u201d. \u203c\ufe0f Informujemy, \u017ce Urz\u0105d Miejski w Tykocinie NIE organizowa\u0142 w tym roku \u017cadnych spotka\u0144 dotycz\u0105cych tego programu i NIE wsp\u00f3\u0142pracuje z \u017cadn\u0105 firm\u0105 odwiedzaj\u0105c\u0105 wasze posesje. &nbsp; \ud83d\uded1 Nie [&hellip;]<\/p>\n","protected":false},"author":10015,"featured_media":7681,"comment_status":"closed","ping_status":"open","sticky":false,"template":"","format":"standard","meta":{"_et_pb_use_builder":"","_et_pb_old_content":"","_et_gb_content_width":"","cybocfi_hide_featured_image":"","footnotes":""},"categories":[99,4090],"tags":[],"class_list":["post-11061","post","type-post","status-publish","format-standard","has-post-thumbnail","hentry","category-aktualnosci","category-program-czyste-powietrze","high-contrast"],"_links":{"self":[{"href":"https:\/\/umtykocin.pl\/mieszkaniec\/wp-json\/wp\/v2\/posts\/11061","targetHints":{"allow":["GET"]}}],"collection":[{"href":"https:\/\/umtykocin.pl\/mieszkaniec\/wp-json\/wp\/v2\/posts"}],"about":[{"href":"https:\/\/umtykocin.pl\/mieszkaniec\/wp-json\/wp\/v2\/types\/post"}],"author":[{"embeddable":true,"href":"https:\/\/umtykocin.pl\/mieszkaniec\/wp-json\/wp\/v2\/users\/10015"}],"replies":[{"embeddable":true,"href":"https:\/\/umtykocin.pl\/mieszkaniec\/wp-json\/wp\/v2\/comments?post=11061"}],"version-history":[{"count":1,"href":"https:\/\/umtykocin.pl\/mieszkaniec\/wp-json\/wp\/v2\/posts\/11061\/revisions"}],"predecessor-version":[{"id":11062,"href":"https:\/\/umtykocin.pl\/mieszkaniec\/wp-json\/wp\/v2\/posts\/11061\/revisions\/11062"}],"wp:featuredmedia":[{"embeddable":true,"href":"https:\/\/umtykocin.pl\/mieszkaniec\/wp-json\/wp\/v2\/media\/7681"}],"wp:attachment":[{"href":"https:\/\/umtykocin.pl\/mieszkaniec\/wp-json\/wp\/v2\/media?parent=11061"}],"wp:term":[{"taxonomy":"category","embeddable":true,"href":"https:\/\/umtykocin.pl\/mieszkaniec\/wp-json\/wp\/v2\/categories?post=11061"},{"taxonomy":"post_tag","embeddable":true,"href":"https:\/\/umtykocin.pl\/mieszkaniec\/wp-json\/wp\/v2\/tags?post=11061"}],"curies":[{"name":"wp","href":"https:\/\/api.w.org\/{rel}","templated":true}]}}