{"id":11070,"date":"2025-07-30T08:37:50","date_gmt":"2025-07-30T06:37:50","guid":{"rendered":"https:\/\/umtykocin.pl\/mieszkaniec\/?p=11070"},"modified":"2025-07-30T08:37:50","modified_gmt":"2025-07-30T06:37:50","slug":"konkurs-na-najladniejszy-wieniec-dozynkowy-o-nagrode-prezydenta-rzeczypospolitej-polskiej-etap-wojewodzki-2025","status":"publish","type":"post","link":"https:\/\/umtykocin.pl\/mieszkaniec\/konkurs-na-najladniejszy-wieniec-dozynkowy-o-nagrode-prezydenta-rzeczypospolitej-polskiej-etap-wojewodzki-2025\/","title":{"rendered":"KONKURS NA NAJ\u0141ADNIEJSZY WIENIEC DO\u017bYNKOWY O NAGROD\u0118 PREZYDENTA RZECZYPOSPOLITEJ POLSKIEJ &#8211; ETAP WOJEW\u00d3DZKI 2025"},"content":{"rendered":"<p>Samorz\u0105d Wojew\u00f3dztwa Podlaskiego zaprasza do wzi\u0119cia udzia\u0142u w\u00a0etapie wojew\u00f3dzkim \u201eKonkursu na naj\u0142adniejszy wieniec do\u017cynkowy o\u00a0nagrod\u0119 Prezydenta Rzeczypospolitej\u201d<\/p>\n<p>Celem przedsi\u0119wzi\u0119cia jest wy\u0142onienie zwyci\u0119skiej grupy wie\u0144cowej, kt\u00f3ra b\u0119dzie reprezentowa\u0142a Wojew\u00f3dztwo Podlaskie w\u00a0\u201eKonkursie na naj\u0142adniejszy wieniec do\u017cynkowy o\u00a0nagrod\u0119 Prezydenta Rzeczypospolitej Polskiej\u201d podczas Do\u017cynek Prezydenckich, kt\u00f3re odb\u0119d\u0105 si\u0119 w\u00a0dniach 13-14 wrze\u015bnia 2025 r. w\u00a0Pa\u0142acu Prezydenckim w\u00a0Warszawie.<\/p>\n<p>Konkurs skierowany jest do gmin wiejskich i\u00a0miejsko &#8211; wiejskich z\u00a0terenu wojew\u00f3dztwa podlaskiego, a\u00a0za ich po\u015brednictwem do k\u00f3\u0142 gospody\u0144 wiejskich, gminnych instytucji kultury oraz indywidualnych tw\u00f3rc\u00f3w z\u00a0terenu wojew\u00f3dztwa podlaskiego. Zadanie konkursowe polega na przygotowaniu wie\u0144ca do\u017cynkowego, kt\u00f3ry form\u0105 i\u00a0u\u017cytym materia\u0142em nawi\u0105zuje do tradycji wie\u0144c\u00f3w do\u017cynkowych wyst\u0119puj\u0105cych na terenie wojew\u00f3dztwa podlaskiego<\/p>\n<p>G\u0142\u00f3wnymi celami przedsi\u0119wzi\u0119cia s\u0105: kultywowanie oraz popularyzacja najbardziej warto\u015bciowych, kulturowych tradycji regionalnych oraz najciekawszych dziedzin plastyki obrz\u0119dowej, prezentacja bogactwa plon\u00f3w wkomponowanych w\u00a0wieniec do\u017cynkowy oraz promocja dorobku kulturowego wsp\u00f3\u0142czesnej polskiej wsi.<\/p>\n<p>Podstaw\u0105 udzia\u0142u w\u00a0przedsi\u0119wzi\u0119ciu jest zg\u0142oszenie przez gmin\u0119 grup wie\u0144cowych w\u00a0terminie do <strong>22 sierpnia 2025<\/strong> r. Mo\u017cna to zrobi\u0107 z\u00a0adresu mailowego gminy na adres: <span id=\"cloak0bbc82e62b5107353a3c6fa9ff4c133d\"><a href=\"mailto:rolnictwo@podlaskie.eu\">rolnictwo@podlaskie.eu<\/a><\/span>, za pomoc\u0105 karty zg\u0142oszeniowej. Zg\u0142oszenie jest r\u00f3wnoznaczne z\u00a0akceptacj\u0105 za\u0142\u0105czonego do pisma regulaminu, w\u00a0kt\u00f3rym znajduj\u0105 si\u0119 szczeg\u00f3\u0142owe informacje o\u00a0konkursie.<\/p>\n<p>Rozstrzygni\u0119cie Konkursu oraz og\u0142oszenie jego wynik\u00f3w odb\u0119dzie si\u0119 w dniu 29 sierpnia 2025 r. na terenie Podlaskiego Muzeum Kultury Ludowej w Wasilkowie.<\/p>\n<p>W przypadku pyta\u0144 prosimy o kontakt z pracownikiem Departamentu Rolnictwa i Rozwoju Obszar\u00f3w Wiejskich pod nr tel. 85 66 54 222 lub e-mailowy <span id=\"cloak4ed87b0cacedeb0dee2451340d821cf2\"><a href=\"mailto:renata.lapinska@podlaskie.eu\">renata.lapinska@podlaskie.eu<\/a><\/span><a href=\"mailto:renata.lapinska@podlaskie.eu.\">.<\/a><\/p>\n<p><a href=\"http:\/\/umtykocin.pl\/mieszkaniec\/wp-content\/uploads\/sites\/4\/2025\/07\/regulamin-konkursu.pdf\">Regulamin konkursu <\/a><\/p>\n","protected":false},"excerpt":{"rendered":"<p>Samorz\u0105d Wojew\u00f3dztwa Podlaskiego zaprasza do wzi\u0119cia udzia\u0142u w\u00a0etapie wojew\u00f3dzkim \u201eKonkursu na naj\u0142adniejszy wieniec do\u017cynkowy o\u00a0nagrod\u0119 Prezydenta Rzeczypospolitej\u201d Celem przedsi\u0119wzi\u0119cia jest wy\u0142onienie zwyci\u0119skiej grupy wie\u0144cowej, kt\u00f3ra b\u0119dzie reprezentowa\u0142a Wojew\u00f3dztwo Podlaskie w\u00a0\u201eKonkursie na naj\u0142adniejszy wieniec do\u017cynkowy o\u00a0nagrod\u0119 Prezydenta Rzeczypospolitej Polskiej\u201d podczas Do\u017cynek Prezydenckich, kt\u00f3re odb\u0119d\u0105 si\u0119 w\u00a0dniach 13-14 wrze\u015bnia 2025 r. w\u00a0Pa\u0142acu Prezydenckim w\u00a0Warszawie. Konkurs skierowany jest [&hellip;]<\/p>\n","protected":false},"author":10015,"featured_media":11072,"comment_status":"closed","ping_status":"open","sticky":false,"template":"","format":"standard","meta":{"_et_pb_use_builder":"","_et_pb_old_content":"","_et_gb_content_width":"","cybocfi_hide_featured_image":"","footnotes":""},"categories":[99,3914,1328],"tags":[],"class_list":["post-11070","post","type-post","status-publish","format-standard","has-post-thumbnail","hentry","category-aktualnosci","category-konkurs","category-rolnictwo","high-contrast"],"_links":{"self":[{"href":"https:\/\/umtykocin.pl\/mieszkaniec\/wp-json\/wp\/v2\/posts\/11070","targetHints":{"allow":["GET"]}}],"collection":[{"href":"https:\/\/umtykocin.pl\/mieszkaniec\/wp-json\/wp\/v2\/posts"}],"about":[{"href":"https:\/\/umtykocin.pl\/mieszkaniec\/wp-json\/wp\/v2\/types\/post"}],"author":[{"embeddable":true,"href":"https:\/\/umtykocin.pl\/mieszkaniec\/wp-json\/wp\/v2\/users\/10015"}],"replies":[{"embeddable":true,"href":"https:\/\/umtykocin.pl\/mieszkaniec\/wp-json\/wp\/v2\/comments?post=11070"}],"version-history":[{"count":1,"href":"https:\/\/umtykocin.pl\/mieszkaniec\/wp-json\/wp\/v2\/posts\/11070\/revisions"}],"predecessor-version":[{"id":11073,"href":"https:\/\/umtykocin.pl\/mieszkaniec\/wp-json\/wp\/v2\/posts\/11070\/revisions\/11073"}],"wp:featuredmedia":[{"embeddable":true,"href":"https:\/\/umtykocin.pl\/mieszkaniec\/wp-json\/wp\/v2\/media\/11072"}],"wp:attachment":[{"href":"https:\/\/umtykocin.pl\/mieszkaniec\/wp-json\/wp\/v2\/media?parent=11070"}],"wp:term":[{"taxonomy":"category","embeddable":true,"href":"https:\/\/umtykocin.pl\/mieszkaniec\/wp-json\/wp\/v2\/categories?post=11070"},{"taxonomy":"post_tag","embeddable":true,"href":"https:\/\/umtykocin.pl\/mieszkaniec\/wp-json\/wp\/v2\/tags?post=11070"}],"curies":[{"name":"wp","href":"https:\/\/api.w.org\/{rel}","templated":true}]}}