{"id":11076,"date":"2025-08-07T11:30:49","date_gmt":"2025-08-07T09:30:49","guid":{"rendered":"https:\/\/umtykocin.pl\/mieszkaniec\/?p=11076"},"modified":"2025-08-07T11:30:49","modified_gmt":"2025-08-07T09:30:49","slug":"ankieta-o-ilosci-kompostowanych-bioodpadow-za-rok-2025","status":"publish","type":"post","link":"https:\/\/umtykocin.pl\/mieszkaniec\/ankieta-o-ilosci-kompostowanych-bioodpadow-za-rok-2025\/","title":{"rendered":"Ankieta o ilo\u015bci kompostowanych bioodpad\u00f3w za rok 2025"},"content":{"rendered":"<p><u>Ankieta o ilo\u015bci kompostowanych bioodpad\u00f3w za rok 2025<\/u><\/p>\n<p>Urz\u0105d Miejski w Tykocinie zwraca si\u0119 z pro\u015bb\u0105 do Mieszka\u0144c\u00f3w, kt\u00f3rzy zadeklarowali kompostowanie bioodpad\u00f3w w przydomowym kompostowniku oraz korzystaj\u0105 ze zwolnienia z cz\u0119\u015bci op\u0142aty za gospodarowanie odpadami komunalnymi \u00a0o wype\u0142nienie ankiety o ilo\u015bci kompostowanych bioodpad\u00f3w za rok 2025.<\/p>\n<p>Dane o ilo\u015bci bioodpad\u00f3w zagospodarowanych we w\u0142asnym zakresie, zawarte w ankiecie b\u0119d\u0105 wykorzystywane przez Urz\u0105d Miejski w Tykocinie przy obliczaniu osi\u0105gni\u0119tego poziomu przygotowania do ponownego u\u017cycia i recyklingu odpad\u00f3w komunalnych i wykorzystywane \u00a0\u00a0\u00a0\u00a0\u00a0\u00a0\u00a0\u00a0\u00a0\u00a0\u00a0\u00a0\u00a0\u00a0\u00a0w sprawozdaniu.<\/p>\n<p>Zgodnie z art. 3b ustawy z dnia 13 wrze\u015bnia 1996 r. o utrzymaniu czysto\u015bci i porz\u0105dku w gminach,\u00a0 za rok 2025 Gminy obowi\u0105zane s\u0105 osi\u0105gn\u0105\u0107 poziom w wysoko\u015bci <strong>co najmniej 55%.<\/strong><\/p>\n<p>Druk ankiety jest do pobrania w Urz\u0119dzie Miejskim w Tykocinie przy wej\u015bciu, w pokoju nr 12 lub na stronie internetowej https:\/\/bip-umtykocin.wrotapodlasia.pl\/ w zak\u0142adce \u201egospodarka odpadami \u2013informacja dotycz\u0105ca odpad\u00f3w- 2025 rok \u201d.<\/p>\n<p>Wype\u0142nion\u0105 ankiet\u0119 prosimy dostarczy\u0107 bezpo\u015brednio do Urz\u0119du do pokoju nr 12 lub do kancelarii przy wej\u015bciu albo przes\u0142a\u0107 za po\u015brednictwem poczty elektronicznej na adres: \u00a0anna.nartowicz@umtykocin.pl w terminie do dnia 31 grudnia 2025 r.<\/p>\n<p>Link do formularza:<\/p>\n<p><a href=\"https:\/\/bip-umtykocin.wrotapodlasia.pl\/607be7759b6992c\/informacja-dotyczaca-odpadow--2025-r.html\">https:\/\/bip-umtykocin.wrotapodlasia.pl\/607be7759b6992c\/informacja-dotyczaca-odpadow&#8211;2025-r.html<\/a><\/p>\n","protected":false},"excerpt":{"rendered":"<p>Ankieta o ilo\u015bci kompostowanych bioodpad\u00f3w za rok 2025 Urz\u0105d Miejski w Tykocinie zwraca si\u0119 z pro\u015bb\u0105 do Mieszka\u0144c\u00f3w, kt\u00f3rzy zadeklarowali kompostowanie bioodpad\u00f3w w przydomowym kompostowniku oraz korzystaj\u0105 ze zwolnienia z cz\u0119\u015bci op\u0142aty za gospodarowanie odpadami komunalnymi \u00a0o wype\u0142nienie ankiety o ilo\u015bci kompostowanych bioodpad\u00f3w za rok 2025. Dane o ilo\u015bci bioodpad\u00f3w zagospodarowanych we w\u0142asnym zakresie, zawarte [&hellip;]<\/p>\n","protected":false},"author":10015,"featured_media":11078,"comment_status":"closed","ping_status":"open","sticky":false,"template":"","format":"standard","meta":{"_et_pb_use_builder":"","_et_pb_old_content":"","_et_gb_content_width":"","cybocfi_hide_featured_image":"","footnotes":""},"categories":[99,165],"tags":[],"class_list":["post-11076","post","type-post","status-publish","format-standard","has-post-thumbnail","hentry","category-aktualnosci","category-gospodarka-odpadami-komunalnymi","high-contrast"],"_links":{"self":[{"href":"https:\/\/umtykocin.pl\/mieszkaniec\/wp-json\/wp\/v2\/posts\/11076","targetHints":{"allow":["GET"]}}],"collection":[{"href":"https:\/\/umtykocin.pl\/mieszkaniec\/wp-json\/wp\/v2\/posts"}],"about":[{"href":"https:\/\/umtykocin.pl\/mieszkaniec\/wp-json\/wp\/v2\/types\/post"}],"author":[{"embeddable":true,"href":"https:\/\/umtykocin.pl\/mieszkaniec\/wp-json\/wp\/v2\/users\/10015"}],"replies":[{"embeddable":true,"href":"https:\/\/umtykocin.pl\/mieszkaniec\/wp-json\/wp\/v2\/comments?post=11076"}],"version-history":[{"count":1,"href":"https:\/\/umtykocin.pl\/mieszkaniec\/wp-json\/wp\/v2\/posts\/11076\/revisions"}],"predecessor-version":[{"id":11079,"href":"https:\/\/umtykocin.pl\/mieszkaniec\/wp-json\/wp\/v2\/posts\/11076\/revisions\/11079"}],"wp:featuredmedia":[{"embeddable":true,"href":"https:\/\/umtykocin.pl\/mieszkaniec\/wp-json\/wp\/v2\/media\/11078"}],"wp:attachment":[{"href":"https:\/\/umtykocin.pl\/mieszkaniec\/wp-json\/wp\/v2\/media?parent=11076"}],"wp:term":[{"taxonomy":"category","embeddable":true,"href":"https:\/\/umtykocin.pl\/mieszkaniec\/wp-json\/wp\/v2\/categories?post=11076"},{"taxonomy":"post_tag","embeddable":true,"href":"https:\/\/umtykocin.pl\/mieszkaniec\/wp-json\/wp\/v2\/tags?post=11076"}],"curies":[{"name":"wp","href":"https:\/\/api.w.org\/{rel}","templated":true}]}}