{"id":11081,"date":"2025-08-18T11:05:39","date_gmt":"2025-08-18T09:05:39","guid":{"rendered":"https:\/\/umtykocin.pl\/mieszkaniec\/?p=11081"},"modified":"2025-08-18T11:05:39","modified_gmt":"2025-08-18T09:05:39","slug":"konkurs-ministerstwa-obrony-narodowej-wdzieczni-bohaterom-swiateczne-wsparcie","status":"publish","type":"post","link":"https:\/\/umtykocin.pl\/mieszkaniec\/konkurs-ministerstwa-obrony-narodowej-wdzieczni-bohaterom-swiateczne-wsparcie\/","title":{"rendered":"Konkurs Ministerstwa Obrony Narodowej &#8211; &#8222;Wdzi\u0119czni Bohaterom &#8211; \u015bwi\u0105teczne wsparcie&#8221;"},"content":{"rendered":"<p>&#8222;Wdzi\u0119czni Bohaterom &#8211; \u015bwi\u0105teczne wsparcie\u201d to konkurs Ministerstwa Obrony Narodowej skierowany do organizacji dzia\u0142aj\u0105cych na rzecz Kombatant\u00f3w i Os\u00f3b Represjonowanych. Resort przeznaczy\u0142 na ten cel 1 500 000 z\u0142. Mo\u017cna ju\u017c sk\u0142ada\u0107 wnioski.<\/p>\n<p><strong>Zadanie konkursowe<\/strong><\/p>\n<ul>\n<li>przygotowanie i przekazanie paczek \u015bwi\u0105tecznych zawieraj\u0105cych m.in. artyku\u0142y pierwszej potrzeby dla kombatant\u00f3w i os\u00f3b represjonowanych<\/li>\n<li>organizacja spotka\u0144 \u015bwi\u0105tecznych dla kombatant\u00f3w i os\u00f3b represjonowanych<br \/>\nz udzia\u0142em m. in. \u017co\u0142nierzy, m\u0142odzie\u017cy szkolnej (w szczeg\u00f3lno\u015bci uczni\u00f3w klas mundurowych) oraz cz\u0142onk\u00f3w organizacji pozarz\u0105dowych<\/li>\n<li>zapewnienie transportu dla kombatant\u00f3w i os\u00f3b represjonowanych na spotkania \u015bwi\u0105teczne<\/li>\n<li>prowadzenie dzia\u0142a\u0144 umo\u017cliwiaj\u0105cych integracj\u0119 mi\u0119dzypokoleniow\u0105<\/li>\n<\/ul>\n<p><strong>Terminy<\/strong><\/p>\n<ul>\n<li>termin sk\u0142adania wniosk\u00f3w: do 26 sierpnia 2025 r., do godz. 23.59<\/li>\n<li>termin realizacji zada\u0144: 6 pa\u017adziernika \u2013 31 grudnia 2025<\/li>\n<\/ul>\n<p><em><strong>Szczeg\u00f3\u0142owe informacje, og\u0142oszenie o konkursie, regulamin, pliki do pobrania \u2013 <a href=\"https:\/\/www.gov.pl\/web\/obrona-narodowa\/otwarty-konkurs-ofert-nr-ew-162025wddekid\">dost\u0119pne pod linkiem<\/a><\/strong><\/em><\/p>\n","protected":false},"excerpt":{"rendered":"<p>&#8222;Wdzi\u0119czni Bohaterom &#8211; \u015bwi\u0105teczne wsparcie\u201d to konkurs Ministerstwa Obrony Narodowej skierowany do organizacji dzia\u0142aj\u0105cych na rzecz Kombatant\u00f3w i Os\u00f3b Represjonowanych. Resort przeznaczy\u0142 na ten cel 1 500 000 z\u0142. Mo\u017cna ju\u017c sk\u0142ada\u0107 wnioski. Zadanie konkursowe przygotowanie i przekazanie paczek \u015bwi\u0105tecznych zawieraj\u0105cych m.in. artyku\u0142y pierwszej potrzeby dla kombatant\u00f3w i os\u00f3b represjonowanych organizacja spotka\u0144 \u015bwi\u0105tecznych dla kombatant\u00f3w [&hellip;]<\/p>\n","protected":false},"author":10015,"featured_media":11082,"comment_status":"closed","ping_status":"open","sticky":false,"template":"","format":"standard","meta":{"_et_pb_use_builder":"","_et_pb_old_content":"","_et_gb_content_width":"","cybocfi_hide_featured_image":"","footnotes":""},"categories":[99,3914],"tags":[],"class_list":["post-11081","post","type-post","status-publish","format-standard","has-post-thumbnail","hentry","category-aktualnosci","category-konkurs","high-contrast"],"_links":{"self":[{"href":"https:\/\/umtykocin.pl\/mieszkaniec\/wp-json\/wp\/v2\/posts\/11081","targetHints":{"allow":["GET"]}}],"collection":[{"href":"https:\/\/umtykocin.pl\/mieszkaniec\/wp-json\/wp\/v2\/posts"}],"about":[{"href":"https:\/\/umtykocin.pl\/mieszkaniec\/wp-json\/wp\/v2\/types\/post"}],"author":[{"embeddable":true,"href":"https:\/\/umtykocin.pl\/mieszkaniec\/wp-json\/wp\/v2\/users\/10015"}],"replies":[{"embeddable":true,"href":"https:\/\/umtykocin.pl\/mieszkaniec\/wp-json\/wp\/v2\/comments?post=11081"}],"version-history":[{"count":1,"href":"https:\/\/umtykocin.pl\/mieszkaniec\/wp-json\/wp\/v2\/posts\/11081\/revisions"}],"predecessor-version":[{"id":11083,"href":"https:\/\/umtykocin.pl\/mieszkaniec\/wp-json\/wp\/v2\/posts\/11081\/revisions\/11083"}],"wp:featuredmedia":[{"embeddable":true,"href":"https:\/\/umtykocin.pl\/mieszkaniec\/wp-json\/wp\/v2\/media\/11082"}],"wp:attachment":[{"href":"https:\/\/umtykocin.pl\/mieszkaniec\/wp-json\/wp\/v2\/media?parent=11081"}],"wp:term":[{"taxonomy":"category","embeddable":true,"href":"https:\/\/umtykocin.pl\/mieszkaniec\/wp-json\/wp\/v2\/categories?post=11081"},{"taxonomy":"post_tag","embeddable":true,"href":"https:\/\/umtykocin.pl\/mieszkaniec\/wp-json\/wp\/v2\/tags?post=11081"}],"curies":[{"name":"wp","href":"https:\/\/api.w.org\/{rel}","templated":true}]}}