{"id":11085,"date":"2025-08-18T15:01:27","date_gmt":"2025-08-18T13:01:27","guid":{"rendered":"https:\/\/umtykocin.pl\/mieszkaniec\/?p=11085"},"modified":"2025-08-18T15:01:27","modified_gmt":"2025-08-18T13:01:27","slug":"zaproszenie-na-spotkanie-informacyjne-programu-czyste-powietrze-2","status":"publish","type":"post","link":"https:\/\/umtykocin.pl\/mieszkaniec\/zaproszenie-na-spotkanie-informacyjne-programu-czyste-powietrze-2\/","title":{"rendered":"Zaproszenie na spotkanie informacyjne Programu \u201eCzyste Powietrze\u201d"},"content":{"rendered":"<p><strong>Gminny punkt konsultacyjno \u2013 informacyjny Programu \u201eCzyste Powietrze\u201d<\/strong> dzia\u0142aj\u0105cy w <strong>Urz\u0119dzie Miejskim w Tykocinie <\/strong>serdecznie zaprasza zainteresowanych mieszka\u0144c\u00f3w Gminy Tykocin<strong> na spotkanie informacyjne dotycz\u0105ce Programu \u201eCzyste Powietrze\u201d.<\/strong><\/p>\n<p>Spotkanie odb\u0119dzie si\u0119<strong> 27 sierpnia 2025 roku o godzinie 11:00 w sali konferencyjnej Urz\u0119du Miejskiego w Tykocinie. <\/strong>Spotkanie poprowadzi przedstawiciel Wojew\u00f3dzkiego Funduszu Ochrony \u015arodowiska i Gospodarki Wodnej w Bia\u0142ymstoku.<\/p>\n<p>Podczas spotkania b\u0119dzie mo\u017cna uzyska\u0107 informacje dotycz\u0105ce za\u0142o\u017ce\u0144 Programu, sposobu sk\u0142adania wniosk\u00f3w o dofinansowanie, a tak\u017ce wniosk\u00f3w o rozliczenie dofinansowania. W czasie spotkania mo\u017cliwa b\u0119dzie dyskusja, zabieranie g\u0142osu oraz zadawanie pyta\u0144.<\/p>\n<p>Zapraszamy serdecznie!<\/p>\n","protected":false},"excerpt":{"rendered":"<p>Gminny punkt konsultacyjno \u2013 informacyjny Programu \u201eCzyste Powietrze\u201d dzia\u0142aj\u0105cy w Urz\u0119dzie Miejskim w Tykocinie serdecznie zaprasza zainteresowanych mieszka\u0144c\u00f3w Gminy Tykocin na spotkanie informacyjne dotycz\u0105ce Programu \u201eCzyste Powietrze\u201d. Spotkanie odb\u0119dzie si\u0119 27 sierpnia 2025 roku o godzinie 11:00 w sali konferencyjnej Urz\u0119du Miejskiego w Tykocinie. Spotkanie poprowadzi przedstawiciel Wojew\u00f3dzkiego Funduszu Ochrony \u015arodowiska i Gospodarki Wodnej w [&hellip;]<\/p>\n","protected":false},"author":10015,"featured_media":7681,"comment_status":"closed","ping_status":"open","sticky":false,"template":"","format":"standard","meta":{"_et_pb_use_builder":"","_et_pb_old_content":"","_et_gb_content_width":"","cybocfi_hide_featured_image":"","footnotes":""},"categories":[99,4090],"tags":[],"class_list":["post-11085","post","type-post","status-publish","format-standard","has-post-thumbnail","hentry","category-aktualnosci","category-program-czyste-powietrze","high-contrast"],"_links":{"self":[{"href":"https:\/\/umtykocin.pl\/mieszkaniec\/wp-json\/wp\/v2\/posts\/11085","targetHints":{"allow":["GET"]}}],"collection":[{"href":"https:\/\/umtykocin.pl\/mieszkaniec\/wp-json\/wp\/v2\/posts"}],"about":[{"href":"https:\/\/umtykocin.pl\/mieszkaniec\/wp-json\/wp\/v2\/types\/post"}],"author":[{"embeddable":true,"href":"https:\/\/umtykocin.pl\/mieszkaniec\/wp-json\/wp\/v2\/users\/10015"}],"replies":[{"embeddable":true,"href":"https:\/\/umtykocin.pl\/mieszkaniec\/wp-json\/wp\/v2\/comments?post=11085"}],"version-history":[{"count":1,"href":"https:\/\/umtykocin.pl\/mieszkaniec\/wp-json\/wp\/v2\/posts\/11085\/revisions"}],"predecessor-version":[{"id":11086,"href":"https:\/\/umtykocin.pl\/mieszkaniec\/wp-json\/wp\/v2\/posts\/11085\/revisions\/11086"}],"wp:featuredmedia":[{"embeddable":true,"href":"https:\/\/umtykocin.pl\/mieszkaniec\/wp-json\/wp\/v2\/media\/7681"}],"wp:attachment":[{"href":"https:\/\/umtykocin.pl\/mieszkaniec\/wp-json\/wp\/v2\/media?parent=11085"}],"wp:term":[{"taxonomy":"category","embeddable":true,"href":"https:\/\/umtykocin.pl\/mieszkaniec\/wp-json\/wp\/v2\/categories?post=11085"},{"taxonomy":"post_tag","embeddable":true,"href":"https:\/\/umtykocin.pl\/mieszkaniec\/wp-json\/wp\/v2\/tags?post=11085"}],"curies":[{"name":"wp","href":"https:\/\/api.w.org\/{rel}","templated":true}]}}