{"id":11087,"date":"2025-08-21T08:57:28","date_gmt":"2025-08-21T06:57:28","guid":{"rendered":"https:\/\/umtykocin.pl\/mieszkaniec\/?p=11087"},"modified":"2025-08-21T08:57:28","modified_gmt":"2025-08-21T06:57:28","slug":"zapraszamy-do-wziecia-udzialu-w-projekcie-zgrane-srodowisko-model-wspolpracy-spoleczno-przyrodniczej-w-gminach","status":"publish","type":"post","link":"https:\/\/umtykocin.pl\/mieszkaniec\/zapraszamy-do-wziecia-udzialu-w-projekcie-zgrane-srodowisko-model-wspolpracy-spoleczno-przyrodniczej-w-gminach\/","title":{"rendered":"Zapraszamy do wzi\u0119cia udzia\u0142u w projekcie &#8222;Zgrane \u015brodowisko &#8211; model wsp\u00f3\u0142pracy spo\u0142eczno-przyrodniczej w gminach&#8221;"},"content":{"rendered":"<p data-start=\"0\" data-end=\"83\">\ud83d\udce3 <strong data-start=\"3\" data-end=\"76\">Zapraszamy senior\u00f3w z naszej gminy na wyj\u0105tkowe spotkanie!<\/strong> \ud83c\udf3f\ud83c\udff0<\/p>\n<p data-start=\"85\" data-end=\"268\">Ju\u017c <strong data-start=\"89\" data-end=\"125\">2 wrze\u015bnia 2025 r. o godz. 13:00<\/strong> spotkajmy si\u0119 z przedstawicielami <strong data-start=\"159\" data-end=\"180\">Fundacji Ekotrend<\/strong>, aby wsp\u00f3lnie odkrywa\u0107 i promowa\u0107 nasze lokalne dziedzictwo przyrodnicze i kulturowe.<\/p>\n<p data-start=\"270\" data-end=\"490\">\ud83d\udc49 W planie:<br data-start=\"282\" data-end=\"285\" \/>\u2714\ufe0f spacer po okolicy i odwiedziny miejsc wa\u017cnych i ciekawych,<br data-start=\"346\" data-end=\"349\" \/>\u2714\ufe0f wspomnienia i rozmowy o historii oraz przyrodzie,<br data-start=\"401\" data-end=\"404\" \/>\u2714\ufe0f tworzenie specjalnej mapy gminnych pere\u0142ek,<br data-start=\"450\" data-end=\"453\" \/>\u2714\ufe0f integracja i mi\u0142o sp\u0119dzony czas.<\/p>\n<p data-start=\"492\" data-end=\"791\">Zebrane historie i pomys\u0142y stan\u0105 si\u0119 inspiracj\u0105 do <strong data-start=\"543\" data-end=\"571\">stworzenia gry terenowej<\/strong> \u2013 wyj\u0105tkowego produktu, kt\u00f3ry poka\u017ce nasz\u0105 gmin\u0119 w niecodzienny spos\u00f3b! \ud83c\udfb2\u2728 Dzi\u0119ki wsp\u00f3\u0142pracy pokole\u0144 \u2013 starszych mieszka\u0144c\u00f3w i uczni\u00f3w szko\u0142y podstawowej \u2013 powstanie scenariusz pe\u0142en zagadek, opowie\u015bci i ciekawostek.<\/p>\n<p data-start=\"793\" data-end=\"892\">\ud83d\udccd Spotkanie potrwa ok. 3 godziny i b\u0119dzie doskona\u0142\u0105 okazj\u0105 do aktywno\u015bci, edukacji i integracji.<\/p>\n<p data-start=\"894\" data-end=\"1007\">\ud83d\udcac Serdecznie zapraszamy \u2013 podzielcie si\u0119 swoj\u0105 wiedz\u0105 i wspomnieniami, kt\u00f3re stan\u0105 si\u0119 cz\u0119\u015bci\u0105 niezwyk\u0142ej gry!<\/p>\n<p data-start=\"1009\" data-end=\"1224\">Projekt wsp\u00f3\u0142finansowany jest ze \u015brodk\u00f3w <strong data-start=\"1050\" data-end=\"1130\">Narodowego Instytutu Wolno\u015bci \u2013 Centrum Rozwoju Spo\u0142ecze\u0144stwa Obywatelskiego<\/strong>, w ramach rz\u0105dowego Programu <strong data-start=\"1160\" data-end=\"1221\">Fundusz Inicjatyw Obywatelskich NOWEFIO na lata 2021-2030<\/strong>.<\/p>\n","protected":false},"excerpt":{"rendered":"<p>\ud83d\udce3 Zapraszamy senior\u00f3w z naszej gminy na wyj\u0105tkowe spotkanie! \ud83c\udf3f\ud83c\udff0 Ju\u017c 2 wrze\u015bnia 2025 r. o godz. 13:00 spotkajmy si\u0119 z przedstawicielami Fundacji Ekotrend, aby wsp\u00f3lnie odkrywa\u0107 i promowa\u0107 nasze lokalne dziedzictwo przyrodnicze i kulturowe. \ud83d\udc49 W planie:\u2714\ufe0f spacer po okolicy i odwiedziny miejsc wa\u017cnych i ciekawych,\u2714\ufe0f wspomnienia i rozmowy o historii oraz przyrodzie,\u2714\ufe0f tworzenie [&hellip;]<\/p>\n","protected":false},"author":10015,"featured_media":11088,"comment_status":"closed","ping_status":"open","sticky":false,"template":"","format":"standard","meta":{"_et_pb_use_builder":"","_et_pb_old_content":"","_et_gb_content_width":"","cybocfi_hide_featured_image":"","footnotes":""},"categories":[99],"tags":[],"class_list":["post-11087","post","type-post","status-publish","format-standard","has-post-thumbnail","hentry","category-aktualnosci","high-contrast"],"_links":{"self":[{"href":"https:\/\/umtykocin.pl\/mieszkaniec\/wp-json\/wp\/v2\/posts\/11087","targetHints":{"allow":["GET"]}}],"collection":[{"href":"https:\/\/umtykocin.pl\/mieszkaniec\/wp-json\/wp\/v2\/posts"}],"about":[{"href":"https:\/\/umtykocin.pl\/mieszkaniec\/wp-json\/wp\/v2\/types\/post"}],"author":[{"embeddable":true,"href":"https:\/\/umtykocin.pl\/mieszkaniec\/wp-json\/wp\/v2\/users\/10015"}],"replies":[{"embeddable":true,"href":"https:\/\/umtykocin.pl\/mieszkaniec\/wp-json\/wp\/v2\/comments?post=11087"}],"version-history":[{"count":1,"href":"https:\/\/umtykocin.pl\/mieszkaniec\/wp-json\/wp\/v2\/posts\/11087\/revisions"}],"predecessor-version":[{"id":11089,"href":"https:\/\/umtykocin.pl\/mieszkaniec\/wp-json\/wp\/v2\/posts\/11087\/revisions\/11089"}],"wp:featuredmedia":[{"embeddable":true,"href":"https:\/\/umtykocin.pl\/mieszkaniec\/wp-json\/wp\/v2\/media\/11088"}],"wp:attachment":[{"href":"https:\/\/umtykocin.pl\/mieszkaniec\/wp-json\/wp\/v2\/media?parent=11087"}],"wp:term":[{"taxonomy":"category","embeddable":true,"href":"https:\/\/umtykocin.pl\/mieszkaniec\/wp-json\/wp\/v2\/categories?post=11087"},{"taxonomy":"post_tag","embeddable":true,"href":"https:\/\/umtykocin.pl\/mieszkaniec\/wp-json\/wp\/v2\/tags?post=11087"}],"curies":[{"name":"wp","href":"https:\/\/api.w.org\/{rel}","templated":true}]}}