{"id":11090,"date":"2025-08-21T10:02:58","date_gmt":"2025-08-21T08:02:58","guid":{"rendered":"https:\/\/umtykocin.pl\/mieszkaniec\/?p=11090"},"modified":"2025-08-21T10:04:02","modified_gmt":"2025-08-21T08:04:02","slug":"zaproszenie-na-wojewodzko-diecezjalne-dozynki-maly-plock-2025","status":"publish","type":"post","link":"https:\/\/umtykocin.pl\/mieszkaniec\/zaproszenie-na-wojewodzko-diecezjalne-dozynki-maly-plock-2025\/","title":{"rendered":"Zaproszenie na Wojew\u00f3dzko-Diecezjalne Do\u017cynki &#8211; Ma\u0142y P\u0142ock 2025"},"content":{"rendered":"<p><a href=\"http:\/\/umtykocin.pl\/mieszkaniec\/wp-content\/uploads\/sites\/4\/2025\/08\/pobrane-Copy-1.png\"><img loading=\"lazy\" decoding=\"async\" class=\"alignnone wp-image-11091 size-large\" src=\"http:\/\/umtykocin.pl\/mieszkaniec\/wp-content\/uploads\/sites\/4\/2025\/08\/pobrane-Copy-1-759x1024.png\" alt=\"\" width=\"759\" height=\"1024\" srcset=\"http:\/\/umtykocin.pl\/mieszkaniec\/wp-content\/uploads\/sites\/4\/2025\/08\/pobrane-Copy-1-759x1024.png 759w, http:\/\/umtykocin.pl\/mieszkaniec\/wp-content\/uploads\/sites\/4\/2025\/08\/pobrane-Copy-1-480x647.png 480w\" sizes=\"(min-width: 0px) and (max-width: 480px) 480px, (min-width: 481px) 759px, 100vw\" \/><\/a><\/p>\n","protected":false},"excerpt":{"rendered":"","protected":false},"author":10015,"featured_media":11092,"comment_status":"closed","ping_status":"open","sticky":false,"template":"","format":"standard","meta":{"_et_pb_use_builder":"","_et_pb_old_content":"","_et_gb_content_width":"","cybocfi_hide_featured_image":"","footnotes":""},"categories":[99],"tags":[],"class_list":["post-11090","post","type-post","status-publish","format-standard","has-post-thumbnail","hentry","category-aktualnosci","high-contrast"],"_links":{"self":[{"href":"https:\/\/umtykocin.pl\/mieszkaniec\/wp-json\/wp\/v2\/posts\/11090","targetHints":{"allow":["GET"]}}],"collection":[{"href":"https:\/\/umtykocin.pl\/mieszkaniec\/wp-json\/wp\/v2\/posts"}],"about":[{"href":"https:\/\/umtykocin.pl\/mieszkaniec\/wp-json\/wp\/v2\/types\/post"}],"author":[{"embeddable":true,"href":"https:\/\/umtykocin.pl\/mieszkaniec\/wp-json\/wp\/v2\/users\/10015"}],"replies":[{"embeddable":true,"href":"https:\/\/umtykocin.pl\/mieszkaniec\/wp-json\/wp\/v2\/comments?post=11090"}],"version-history":[{"count":1,"href":"https:\/\/umtykocin.pl\/mieszkaniec\/wp-json\/wp\/v2\/posts\/11090\/revisions"}],"predecessor-version":[{"id":11093,"href":"https:\/\/umtykocin.pl\/mieszkaniec\/wp-json\/wp\/v2\/posts\/11090\/revisions\/11093"}],"wp:featuredmedia":[{"embeddable":true,"href":"https:\/\/umtykocin.pl\/mieszkaniec\/wp-json\/wp\/v2\/media\/11092"}],"wp:attachment":[{"href":"https:\/\/umtykocin.pl\/mieszkaniec\/wp-json\/wp\/v2\/media?parent=11090"}],"wp:term":[{"taxonomy":"category","embeddable":true,"href":"https:\/\/umtykocin.pl\/mieszkaniec\/wp-json\/wp\/v2\/categories?post=11090"},{"taxonomy":"post_tag","embeddable":true,"href":"https:\/\/umtykocin.pl\/mieszkaniec\/wp-json\/wp\/v2\/tags?post=11090"}],"curies":[{"name":"wp","href":"https:\/\/api.w.org\/{rel}","templated":true}]}}