{"id":11104,"date":"2025-08-27T13:28:03","date_gmt":"2025-08-27T11:28:03","guid":{"rendered":"https:\/\/umtykocin.pl\/mieszkaniec\/?p=11104"},"modified":"2025-09-25T08:03:33","modified_gmt":"2025-09-25T06:03:33","slug":"pisa-narew-szlak-aktywnej-turystyki-wodnej","status":"publish","type":"post","link":"https:\/\/umtykocin.pl\/mieszkaniec\/pisa-narew-szlak-aktywnej-turystyki-wodnej\/","title":{"rendered":"\u201ePisa-Narew \u2013 szlak aktywnej turystyki wodnej\u201d"},"content":{"rendered":"<p>Projekt \u201ePisa-Narew- szlak aktywnej turystyki wodnej\u201d jest realizowany w ramach Programu Fundusze Europejskie dla Polski Wschodniej 2021-2027; Priorytet FEPW.05 Zr\u00f3wnowa\u017cona turystyka, Dzia\u0142anie FEPW.05.01 Zr\u00f3wnowa\u017cona turystyka na terytorium 3 wojew\u00f3dztw z makroregionu Polski Wschodniej: podlaskiego, warmi\u0144sko-mazurskiego i mazowieckiego.<\/p>\n<p>Partnerem Wiod\u0105cym w projekcie b\u0119dzie Wojew\u00f3dztwo Podlaskie.<\/p>\n<p>Partnerzy Regionalni: Wojew\u00f3dztwo Warmi\u0144sko \u2013 Mazurskie, Wojew\u00f3dztwo Mazowieckie<\/p>\n<p>Inwestycje stanowi\u0105ce przedmiot projektu zlokalizowane b\u0119d\u0105 na terenie 18 jednostek samorz\u0105du terytorialnego (Partnerzy Lokalni):<\/p>\n<p>miasto na prawach powiatu: Miasto Ostro\u0142\u0119ka,<\/p>\n<p>gminy miejsko-wiejskie: Gmina Choroszcz, Gmina \u0141apy, Gmina Sura\u017c, Gmina Tykocin, Gmina Nowogr\u00f3d i Gmina Pisz,<\/p>\n<p>gminy wiejskie: Gmina Dobrzyniewo Du\u017ce, Gmina Juchnowiec Ko\u015bcielny, Gmina Turo\u015b\u0144 Ko\u015bcielna, Gmina Wyszki, Gmina Narew, Gmina Narewka, Gmina Kolno, Gmina \u0141om\u017ca, Gmina Wizna, Gmina Zb\u00f3jna i Gmina Trzcianne.<\/p>\n<p>Projekt obejmuje realizacj\u0119 nast\u0119puj\u0105cych element\u00f3w:<\/p>\n<ol>\n<li>Modernizacja lub budowa obiekt\u00f3w lub przestrzeni stanowi\u0105cych element zintegrowanego produktu turystycznego \u2013 powstanie og\u00f3lnodost\u0119pna infrastruktura turystyczna, obejmuj\u0105ca miejsca przyjazne kajakarzom, miejsca obs\u0142ugi kamper\u00f3w oraz miejsca rekreacyjno-wypoczynkowe i miejsca k\u0105pielowo-pla\u017cowe, do kt\u00f3rych dost\u0119p b\u0119d\u0105 mia\u0142y osoby korzystaj\u0105ce ze szlaku turystycznego.<\/li>\n<li>Modernizacja lub budowa infrastruktury u\u0142atwiaj\u0105cej dost\u0119p do obiekt\u00f3w lub przestrzeni stanowi\u0105cych element produktu turystycznego (uwzgl\u0119dnione zosta\u0142y potrzeby os\u00f3b ze specjalnymi potrzebami, w tym os\u00f3b z niepe\u0142nosprawno\u015bciami; przewidziano wykonanie dla szlaku turystycznego systemu oznakowania, co przyczyni si\u0119 do podniesienia bezpiecze\u0144stwa turyst\u00f3w; przewidziano koszty uporz\u0105dkowania wewn\u0119trznych uk\u0142ad\u00f3w komunikacyjnych w bezpo\u015brednim otoczeniu atrakcji turystycznych.<\/li>\n<li>Dzia\u0142ania z zakresu digitalizacji oferty szlaku i przystosowania do dzia\u0142ania w warunkach kryzysu (resillience) \u2013 projekt przewiduje korzystanie z technologii cyfrowych, kt\u00f3re umo\u017cliwi\u0105 informowanie turyst\u00f3w o produkcie turystycznym i usprawni\u0105 marketing produktu. Digitalizacja oferty szlaku pozwoli na sprawne wprowadzenie oferty na rynek i na zwi\u0119kszenie jej odporno\u015bci na sytuacje kryzysowe.<\/li>\n<li>Przygotowanie sp\u00f3jnej Strategii zarz\u0105dzania i rozwoju produktu turystycznego oraz dzia\u0142a\u0144 niezb\u0119dnych do jej wdro\u017cenia \u2013 realizacja projektu obejmuje zadania zwi\u0105zane z opracowaniem szeregu dokument\u00f3w, kt\u00f3re umo\u017cliwi\u0105 wdro\u017cenie przez Partner\u00f3w projektu wsp\u00f3lnego, sp\u00f3jnego produktu turystycznego: Kompleksowej Strategii Zarz\u0105dzania i Rozwoju Produktu Turystycznego, Systemu oznakowania szlaku, Koncepcji Systemu Informacji Kajakowej, Strategii sieciowania i komercjalizacji produktu turystycznego.<\/li>\n<li>Stworzenie narz\u0119dzi do wsp\u00f3\u0142pracy w ramach wdro\u017cenia produktu turystycznego i jego utrzymania \u2013 przedsi\u0119wzi\u0119cie zak\u0142ada podj\u0119cie dzia\u0142a\u0144 z zakresu budowania sieci wsp\u00f3\u0142pracy: stworzenie narz\u0119dzi do wsp\u00f3\u0142pracy w ramach wdro\u017cenia produktu turystycznego, opracowanie pakiet\u00f3w ofert, jednolitych standard\u00f3w obs\u0142ugi turyst\u00f3w, systemu certyfikacji).<\/li>\n<li>Dzia\u0142ania informacyjne, konsultacyjne, promocyjne oraz edukacyjne w zakresie wykorzystania produktu turystycznego \u2013 zaplanowano przeprowadzenie Kompleksowej Kampanii Informacyjno-Promocyjnej, kt\u00f3ra obejmie przeprowadzenie dzia\u0142a\u0144 promocyjnych dotycz\u0105cych produktu turystycznego (kampania promocyjna) oraz przeprowadzenie dzia\u0142a\u0144 informacyjno-edukacyjnych w zakresie wykorzystania produktu turystycznego (kampania informacyjno-edukacyjna).<\/li>\n<\/ol>\n<p>W ramach projektu Gmina Tykocin planuje realizowa\u0107 zadanie inwestycyjne zwi\u0105zane z budow\u0105 przestrzeni stanowi\u0105cej element zintegrowanego produktu turystycznego w miejscowo\u015bci Tykocin, kt\u00f3re obejmuje dzia\u0142anie zwi\u0105zane z budow\u0105 infrastruktury turystyczno-rekreacyjnej wraz z niezb\u0119dnymi urz\u0105dzeniami budowlanymi.<\/p>\n<p>W ramach zaplanowanych prac planowane jest zagospodarowanie terenu obejmuj\u0105ce: utwardzenie terenu wraz z chodnikiem, doj\u015bcie do wiaty; nawierzchni\u0119 piaszczyst\u0105 \u2013 powierzchnia pod zabawk\u0119 domek; budow\u0119 wiaty rekreacyjno-wypoczynkowej; \u0142awosto\u0142y; ma\u0142a architektura, miejsce biwakowe na ognisko wraz z \u0142awkami i hu\u015btawk\u0105, grill zewn\u0119trzny, \u0142awka ze stojakiem na rowery, stojak do suszenia kajak\u00f3w; wiata \u2013 zadaszenie na drewno opa\u0142owe; miejsce na ustawienie przeno\u015bnych toalet sanitarnych \u2013 przewidziano dwa sanitariaty; miejsce na ustawienie \u015bmietnik\u00f3w \u2013 dwa kontenery; tablica informacyjna z regulaminem korzystania z terenu rekreacyjnego; lampy solarno-wiatrowe, hybrydowe ze \u017ar\u00f3d\u0142em LED; pomost kajakowy wyposa\u017cony w balustrady, elementy cumownicze dla kajak\u00f3w, knagi.<\/p>\n<p>Dodatkowo w celu omini\u0119cia trwa\u0142ych przeszk\u00f3d na rzece w postaci jaz\u00f3w pi\u0119trz\u0105cych wod\u0119, wykonane zostan\u0105 przenoski kajakowe. Projektowana infrastruktura pozwoli na bezpieczne wyj\u015bcie z wody, wyj\u0119cie kajaka na brzeg oraz przej\u015bcie do bezpiecznego miejsca wodowania za jazem.<\/p>\n<p>Projekt jest skierowany do nast\u0119puj\u0105cych grup docelowych:<\/p>\n<ul>\n<li>osoby m\u0142ode (w grupach wiekowych 20-29 lat),<\/li>\n<li>osoby w \u015brednim wieku i millenialsi (30-44 lata), a tak\u017ce osoby z pokolenia X,<\/li>\n<li>m\u0142ode rodziny z dzie\u0107mi, ale tak\u017ce rodziny wielopokoleniowe z dzie\u0107mi i \u00a0dziadkami,<\/li>\n<li>klient bud\u017cetowy lub \u015bredniozamo\u017cny.<\/li>\n<\/ul>\n<p>Celem g\u0142\u00f3wnym projektu jest stworzenie sp\u00f3jnego zintegrowanego produktu turystycznego Pisa\u2013Narew, wykorzystuj\u0105cego zasoby przyrodniczo-krajobrazowe i wielokulturowe dziedzictwo regionu, w celu poprawy sytuacji spo\u0142eczno-gospodarczej lokalnych spo\u0142eczno\u015bci w korytarzu szlak\u00f3w.<\/p>\n<p>Efektem realizacji projektu b\u0119dzie powstanie produktu turystycznego Pisa\u2013Narew, na kt\u00f3ry z\u0142o\u017c\u0105 si\u0119: zagospodarowanie szlak\u00f3w wodnych o d\u0142ugo\u015bci ok. 351,5 km oraz aktywizacja spo\u0142eczno-gospodarcza na poziomie lokalnym, co przyczyni si\u0119 do powstania regionalnej marki turystycznej bazuj\u0105cej na szlakach wodnych. Przedsi\u0119wzi\u0119cie pozwoli na rozszerzenie i zr\u00f3\u017cnicowanie oferty turystycznej regionu, poprzez rozw\u00f3j turystyki zr\u00f3wnowa\u017conej, wykorzystuj\u0105cej \u201emi\u0119kk\u0105\u201d mobilno\u015b\u0107, opartej na lokalnym dziedzictwie kulturowym i naturalnym obszar\u00f3w po\u0142o\u017conych wzd\u0142u\u017c szlak\u00f3w wodnych.<\/p>\n<p>Wykaz wska\u017anik\u00f3w produktu:<\/p>\n<ul>\n<li>Liczba obiekt\u00f3w kulturalnych i turystycznych obj\u0119tych wsparciem \u2013 warto\u015b\u0107 docelowa &#8211; 18 szt.;<\/li>\n<li>D\u0142ugo\u015b\u0107 utworzonych szlak\u00f3w turystycznych \u2013 warto\u015b\u0107 docelowa &#8211; 351,5 km;<\/li>\n<li>Liczba obiekt\u00f3w dostosowanych do potrzeb os\u00f3b z niepe\u0142nosprawno\u015bciami (EFRR\/FST\/FS) \u2013 warto\u015b\u0107 docelowa &#8211; 128 szt.;<\/li>\n<li>Liczba przeprowadzonych kompleksowych kampanii informacyjno-edukacyjnych oraz promocyjnych &#8211; warto\u015b\u0107 docelowa \u2013 2szt.;<\/li>\n<li>Liczba zorganizowanych spotka\u0144 informacyjno-edukacyjnych dla mieszka\u0144c\u00f3w i przedsi\u0119biorc\u00f3w \u2013 warto\u015b\u0107 docelowa \u2013 39 szt.;<\/li>\n<li>Liczba powsta\u0142ych Miejsc Przyjaznych Kajakarzom (MPK) \u2013 warto\u015b\u0107 docelowa \u2013 27 szt.;<\/li>\n<li>Liczba powsta\u0142ych Miejsc Obs\u0142ugi Kamper\u00f3w (MOK) \u2013 warto\u015b\u0107 docelowa \u2013 2 szt.;<\/li>\n<li>Liczba opracowanych Strategii zarz\u0105dzania i rozwoju produktu turystycznego \u2013 warto\u015b\u0107 docelowa \u2013 1 szt.;<\/li>\n<\/ul>\n<p>Wykaz wska\u017anik\u00f3w rezultatu:<\/p>\n<ul>\n<li>Liczba os\u00f3b odwiedzaj\u0105cych obiekty kulturalne i turystyczne obj\u0119te wsparciem \u2013 warto\u015b\u0107 docelowa 2029 rok \u2013 25 1407 odwiedzaj\u0105cy\/rok;<\/li>\n<li>Liczba uczestnik\u00f3w spotka\u0144 informacyjno-edukacyjnych \u2013 warto\u015b\u0107 docelowa 2029 rok &#8211; 499 os.,<\/li>\n<li>Liczba pozyskanych list\u00f3w intencyjnych od przedsi\u0119biorstw w sprawie \u015bwiadczenia us\u0142ug w ramach produktu turystycznego &#8211; warto\u015b\u0107 docelowa \u2013 18 szt.;<\/li>\n<li>Liczba przedsi\u0119biorstw, kt\u00f3re nie p\u00f3\u017aniej ni\u017c w rok po zako\u0144czeniu realizacji projektu zrealizuj\u0105 inwestycje w\u0142asne w celu \u015bwiadczenia us\u0142ug w ramach produktu turystycznego &#8211; warto\u015b\u0107 docelowa \u2013 9 szt.;<\/li>\n<li>Roczna liczba turyst\u00f3w korzystaj\u0105cych ze szklak\u00f3w kajakowych &#8211; warto\u015b\u0107 docelowa \u2013 13 734 osoby;<\/li>\n<li>Roczna liczba turyst\u00f3w obs\u0142u\u017conych w Miejscach Obs\u0142ugi Kamper\u00f3w \u2013 warto\u015b\u0107 docelowa \u2013 200 osoby.<\/li>\n<\/ul>\n<p>Okres realizacji projektu: 20 listopada 2023 r. &#8211; 31 grudnia 2028 r.<\/p>\n<p>Warto\u015b\u0107 projektu (ca\u0142kowity koszt projektu): 152 119 077,47 PLN<\/p>\n<p>Warto\u015b\u0107 wydatk\u00f3w kwalifikowalnych: 151 526 538,14 PLN<\/p>\n<p>Wysoko\u015b\u0107 wk\u0142adu Funduszy Europejskich (Program Fundusze Europejskie dla Polski Wschodniej): 128 797 557,41 PLN<\/p>\n<p>Warto\u015b\u0107 wydatk\u00f3w Gminy Tykocin: 2 208 772,27 PLN, w tym warto\u015b\u0107 dofinansowania UE: 1 877 456,40 PLN.<\/p>\n<p>#FunduszeUE #FunduszeEuropejskie<\/p>\n<p><a href=\"http:\/\/umtykocin.pl\/mieszkaniec\/wp-content\/uploads\/sites\/4\/2025\/08\/3.jpg\"><img loading=\"lazy\" decoding=\"async\" class=\"alignnone wp-image-11106 size-large\" src=\"http:\/\/umtykocin.pl\/mieszkaniec\/wp-content\/uploads\/sites\/4\/2025\/08\/3-1024x576.jpg\" alt=\"\" width=\"1024\" height=\"576\" srcset=\"http:\/\/umtykocin.pl\/mieszkaniec\/wp-content\/uploads\/sites\/4\/2025\/08\/3-980x551.jpg 980w, http:\/\/umtykocin.pl\/mieszkaniec\/wp-content\/uploads\/sites\/4\/2025\/08\/3-480x270.jpg 480w\" sizes=\"(min-width: 0px) and (max-width: 480px) 480px, (min-width: 481px) and (max-width: 980px) 980px, (min-width: 981px) 1024px, 100vw\" \/><\/a><a href=\"http:\/\/umtykocin.pl\/mieszkaniec\/wp-content\/uploads\/sites\/4\/2025\/08\/2.jpg\"><img loading=\"lazy\" decoding=\"async\" class=\"alignnone wp-image-11105 size-large\" src=\"http:\/\/umtykocin.pl\/mieszkaniec\/wp-content\/uploads\/sites\/4\/2025\/08\/2-1024x524.jpg\" alt=\"\" width=\"1024\" height=\"524\" srcset=\"http:\/\/umtykocin.pl\/mieszkaniec\/wp-content\/uploads\/sites\/4\/2025\/08\/2-980x501.jpg 980w, http:\/\/umtykocin.pl\/mieszkaniec\/wp-content\/uploads\/sites\/4\/2025\/08\/2-480x246.jpg 480w\" sizes=\"(min-width: 0px) and (max-width: 480px) 480px, (min-width: 481px) and (max-width: 980px) 980px, (min-width: 981px) 1024px, 100vw\" \/><\/a><\/p>\n","protected":false},"excerpt":{"rendered":"<p>Projekt \u201ePisa-Narew- szlak aktywnej turystyki wodnej\u201d jest realizowany w ramach Programu Fundusze Europejskie dla Polski Wschodniej 2021-2027; Priorytet FEPW.05 Zr\u00f3wnowa\u017cona turystyka, Dzia\u0142anie FEPW.05.01 Zr\u00f3wnowa\u017cona turystyka na terytorium 3 wojew\u00f3dztw z makroregionu Polski Wschodniej: podlaskiego, warmi\u0144sko-mazurskiego i mazowieckiego. Partnerem Wiod\u0105cym w projekcie b\u0119dzie Wojew\u00f3dztwo Podlaskie. Partnerzy Regionalni: Wojew\u00f3dztwo Warmi\u0144sko \u2013 Mazurskie, Wojew\u00f3dztwo Mazowieckie Inwestycje stanowi\u0105ce przedmiot [&hellip;]<\/p>\n","protected":false},"author":10015,"featured_media":11107,"comment_status":"closed","ping_status":"open","sticky":false,"template":"","format":"standard","meta":{"_et_pb_use_builder":"","_et_pb_old_content":"","_et_gb_content_width":"","cybocfi_hide_featured_image":"","footnotes":""},"categories":[99,3402],"tags":[],"class_list":["post-11104","post","type-post","status-publish","format-standard","has-post-thumbnail","hentry","category-aktualnosci","category-inwestycje","high-contrast"],"_links":{"self":[{"href":"https:\/\/umtykocin.pl\/mieszkaniec\/wp-json\/wp\/v2\/posts\/11104","targetHints":{"allow":["GET"]}}],"collection":[{"href":"https:\/\/umtykocin.pl\/mieszkaniec\/wp-json\/wp\/v2\/posts"}],"about":[{"href":"https:\/\/umtykocin.pl\/mieszkaniec\/wp-json\/wp\/v2\/types\/post"}],"author":[{"embeddable":true,"href":"https:\/\/umtykocin.pl\/mieszkaniec\/wp-json\/wp\/v2\/users\/10015"}],"replies":[{"embeddable":true,"href":"https:\/\/umtykocin.pl\/mieszkaniec\/wp-json\/wp\/v2\/comments?post=11104"}],"version-history":[{"count":2,"href":"https:\/\/umtykocin.pl\/mieszkaniec\/wp-json\/wp\/v2\/posts\/11104\/revisions"}],"predecessor-version":[{"id":11174,"href":"https:\/\/umtykocin.pl\/mieszkaniec\/wp-json\/wp\/v2\/posts\/11104\/revisions\/11174"}],"wp:featuredmedia":[{"embeddable":true,"href":"https:\/\/umtykocin.pl\/mieszkaniec\/wp-json\/wp\/v2\/media\/11107"}],"wp:attachment":[{"href":"https:\/\/umtykocin.pl\/mieszkaniec\/wp-json\/wp\/v2\/media?parent=11104"}],"wp:term":[{"taxonomy":"category","embeddable":true,"href":"https:\/\/umtykocin.pl\/mieszkaniec\/wp-json\/wp\/v2\/categories?post=11104"},{"taxonomy":"post_tag","embeddable":true,"href":"https:\/\/umtykocin.pl\/mieszkaniec\/wp-json\/wp\/v2\/tags?post=11104"}],"curies":[{"name":"wp","href":"https:\/\/api.w.org\/{rel}","templated":true}]}}