{"id":11114,"date":"2025-09-01T13:21:40","date_gmt":"2025-09-01T11:21:40","guid":{"rendered":"https:\/\/umtykocin.pl\/mieszkaniec\/?p=11114"},"modified":"2025-09-01T13:21:40","modified_gmt":"2025-09-01T11:21:40","slug":"informacja-o-trwajacych-cwiczeniach-wojskowych","status":"publish","type":"post","link":"https:\/\/umtykocin.pl\/mieszkaniec\/informacja-o-trwajacych-cwiczeniach-wojskowych\/","title":{"rendered":"Informacja o trwaj\u0105cych \u0107wiczeniach wojskowych"},"content":{"rendered":"<p>Szanowni Pa\u0144stwo,<\/p>\n<p>na podstawie informacji otrzymanej od Dow\u00f3dztwa 18 Dywizji Zmechanizowanej, informujemy, \u017ce w terminie 28.08-26.09.2025 r., odbywa si\u0119 \u0107wiczenie z wojskami pod kryptonimem \u017bELAZNA BRAMA-25, wchodz\u0105cego w sk\u0142ad federacji \u0107wicze\u0144 Si\u0142 Zbrojnych RP pk. \u017bELAZNY OBRO\u0143CA 2025, kt\u00f3re przeprowadzane jest na poligonach i w terenie przygodnym p\u00f3\u0142nocno-wschodniej cz\u0119\u015bci Polski.<\/p>\n<p>\u0106wiczenie to wymaga przemieszczania znacznej ilo\u015bci sprz\u0119tu wojskowego, co znacz\u0105co wp\u0142ynie na ruch drogowy.<\/p>\n","protected":false},"excerpt":{"rendered":"<p>Szanowni Pa\u0144stwo, na podstawie informacji otrzymanej od Dow\u00f3dztwa 18 Dywizji Zmechanizowanej, informujemy, \u017ce w terminie 28.08-26.09.2025 r., odbywa si\u0119 \u0107wiczenie z wojskami pod kryptonimem \u017bELAZNA BRAMA-25, wchodz\u0105cego w sk\u0142ad federacji \u0107wicze\u0144 Si\u0142 Zbrojnych RP pk. \u017bELAZNY OBRO\u0143CA 2025, kt\u00f3re przeprowadzane jest na poligonach i w terenie przygodnym p\u00f3\u0142nocno-wschodniej cz\u0119\u015bci Polski. \u0106wiczenie to wymaga przemieszczania znacznej [&hellip;]<\/p>\n","protected":false},"author":10015,"featured_media":11115,"comment_status":"closed","ping_status":"open","sticky":false,"template":"","format":"standard","meta":{"_et_pb_use_builder":"","_et_pb_old_content":"","_et_gb_content_width":"","cybocfi_hide_featured_image":"","footnotes":""},"categories":[99,3554],"tags":[],"class_list":["post-11114","post","type-post","status-publish","format-standard","has-post-thumbnail","hentry","category-aktualnosci","category-bezpieczenstwo","high-contrast"],"_links":{"self":[{"href":"https:\/\/umtykocin.pl\/mieszkaniec\/wp-json\/wp\/v2\/posts\/11114","targetHints":{"allow":["GET"]}}],"collection":[{"href":"https:\/\/umtykocin.pl\/mieszkaniec\/wp-json\/wp\/v2\/posts"}],"about":[{"href":"https:\/\/umtykocin.pl\/mieszkaniec\/wp-json\/wp\/v2\/types\/post"}],"author":[{"embeddable":true,"href":"https:\/\/umtykocin.pl\/mieszkaniec\/wp-json\/wp\/v2\/users\/10015"}],"replies":[{"embeddable":true,"href":"https:\/\/umtykocin.pl\/mieszkaniec\/wp-json\/wp\/v2\/comments?post=11114"}],"version-history":[{"count":1,"href":"https:\/\/umtykocin.pl\/mieszkaniec\/wp-json\/wp\/v2\/posts\/11114\/revisions"}],"predecessor-version":[{"id":11116,"href":"https:\/\/umtykocin.pl\/mieszkaniec\/wp-json\/wp\/v2\/posts\/11114\/revisions\/11116"}],"wp:featuredmedia":[{"embeddable":true,"href":"https:\/\/umtykocin.pl\/mieszkaniec\/wp-json\/wp\/v2\/media\/11115"}],"wp:attachment":[{"href":"https:\/\/umtykocin.pl\/mieszkaniec\/wp-json\/wp\/v2\/media?parent=11114"}],"wp:term":[{"taxonomy":"category","embeddable":true,"href":"https:\/\/umtykocin.pl\/mieszkaniec\/wp-json\/wp\/v2\/categories?post=11114"},{"taxonomy":"post_tag","embeddable":true,"href":"https:\/\/umtykocin.pl\/mieszkaniec\/wp-json\/wp\/v2\/tags?post=11114"}],"curies":[{"name":"wp","href":"https:\/\/api.w.org\/{rel}","templated":true}]}}