{"id":11133,"date":"2025-09-03T12:05:33","date_gmt":"2025-09-03T10:05:33","guid":{"rendered":"https:\/\/umtykocin.pl\/mieszkaniec\/?p=11133"},"modified":"2025-09-03T12:05:33","modified_gmt":"2025-09-03T10:05:33","slug":"znaleziony-pies-lokalizacja-budynek-mieszkalny-obok-szkoly-podstawowej-w-radulach","status":"publish","type":"post","link":"https:\/\/umtykocin.pl\/mieszkaniec\/znaleziony-pies-lokalizacja-budynek-mieszkalny-obok-szkoly-podstawowej-w-radulach\/","title":{"rendered":"Znaleziony pies &#8211; lokalizacja budynek mieszkalny obok Szko\u0142y Podstawowej w Radulach"},"content":{"rendered":"<p>Szanowni Mieszka\u0144cy, informujemy \u017ce dostali\u015bmy informacj\u0119 o psie, kt\u00f3ry przyb\u0142\u0105ka\u0142 si\u0119 pod budynek mieszkalny znajduj\u0105cy si\u0119 obok szko\u0142y w Radulach. Opis psa: niedu\u017cy, rudy, znak szczeg\u00f3lny &#8211; nie widzi na jedno oko.<\/p>\n<p>Je\u015bli kto\u015b z Pa\u0144stwa jest w stanie stwierdzi\u0107 w\u0142a\u015bciciela psa albo jest zainteresowany zaopiekowaniem si\u0119 &#8211; prosimy o kontakt z Sekretariatem Urz\u0119du Miejskiego w Tykocinie tel. 85 718 16 27<\/p>\n<p><a href=\"http:\/\/umtykocin.pl\/mieszkaniec\/wp-content\/uploads\/sites\/4\/2025\/09\/003.jpg\"><img loading=\"lazy\" decoding=\"async\" class=\"alignnone size-medium wp-image-11136\" src=\"http:\/\/umtykocin.pl\/mieszkaniec\/wp-content\/uploads\/sites\/4\/2025\/09\/003-300x300.jpg\" alt=\"\" width=\"300\" height=\"300\" \/><\/a> <a href=\"http:\/\/umtykocin.pl\/mieszkaniec\/wp-content\/uploads\/sites\/4\/2025\/09\/002.jpg\"><img loading=\"lazy\" decoding=\"async\" class=\"alignnone size-medium wp-image-11135\" src=\"http:\/\/umtykocin.pl\/mieszkaniec\/wp-content\/uploads\/sites\/4\/2025\/09\/002-300x300.jpg\" alt=\"\" width=\"300\" height=\"300\" \/><\/a> <a href=\"http:\/\/umtykocin.pl\/mieszkaniec\/wp-content\/uploads\/sites\/4\/2025\/09\/001.jpg\"><img loading=\"lazy\" decoding=\"async\" class=\"alignnone size-medium wp-image-11134\" src=\"http:\/\/umtykocin.pl\/mieszkaniec\/wp-content\/uploads\/sites\/4\/2025\/09\/001-300x300.jpg\" alt=\"\" width=\"300\" height=\"300\" \/><\/a><\/p>\n","protected":false},"excerpt":{"rendered":"<p>Szanowni Mieszka\u0144cy, informujemy \u017ce dostali\u015bmy informacj\u0119 o psie, kt\u00f3ry przyb\u0142\u0105ka\u0142 si\u0119 pod budynek mieszkalny znajduj\u0105cy si\u0119 obok szko\u0142y w Radulach. Opis psa: niedu\u017cy, rudy, znak szczeg\u00f3lny &#8211; nie widzi na jedno oko. Je\u015bli kto\u015b z Pa\u0144stwa jest w stanie stwierdzi\u0107 w\u0142a\u015bciciela psa albo jest zainteresowany zaopiekowaniem si\u0119 &#8211; prosimy o kontakt z Sekretariatem Urz\u0119du Miejskiego [&hellip;]<\/p>\n","protected":false},"author":10015,"featured_media":11135,"comment_status":"closed","ping_status":"open","sticky":false,"template":"","format":"standard","meta":{"_et_pb_use_builder":"","_et_pb_old_content":"","_et_gb_content_width":"","cybocfi_hide_featured_image":"","footnotes":""},"categories":[99],"tags":[],"class_list":["post-11133","post","type-post","status-publish","format-standard","has-post-thumbnail","hentry","category-aktualnosci","high-contrast"],"_links":{"self":[{"href":"https:\/\/umtykocin.pl\/mieszkaniec\/wp-json\/wp\/v2\/posts\/11133","targetHints":{"allow":["GET"]}}],"collection":[{"href":"https:\/\/umtykocin.pl\/mieszkaniec\/wp-json\/wp\/v2\/posts"}],"about":[{"href":"https:\/\/umtykocin.pl\/mieszkaniec\/wp-json\/wp\/v2\/types\/post"}],"author":[{"embeddable":true,"href":"https:\/\/umtykocin.pl\/mieszkaniec\/wp-json\/wp\/v2\/users\/10015"}],"replies":[{"embeddable":true,"href":"https:\/\/umtykocin.pl\/mieszkaniec\/wp-json\/wp\/v2\/comments?post=11133"}],"version-history":[{"count":2,"href":"https:\/\/umtykocin.pl\/mieszkaniec\/wp-json\/wp\/v2\/posts\/11133\/revisions"}],"predecessor-version":[{"id":11138,"href":"https:\/\/umtykocin.pl\/mieszkaniec\/wp-json\/wp\/v2\/posts\/11133\/revisions\/11138"}],"wp:featuredmedia":[{"embeddable":true,"href":"https:\/\/umtykocin.pl\/mieszkaniec\/wp-json\/wp\/v2\/media\/11135"}],"wp:attachment":[{"href":"https:\/\/umtykocin.pl\/mieszkaniec\/wp-json\/wp\/v2\/media?parent=11133"}],"wp:term":[{"taxonomy":"category","embeddable":true,"href":"https:\/\/umtykocin.pl\/mieszkaniec\/wp-json\/wp\/v2\/categories?post=11133"},{"taxonomy":"post_tag","embeddable":true,"href":"https:\/\/umtykocin.pl\/mieszkaniec\/wp-json\/wp\/v2\/tags?post=11133"}],"curies":[{"name":"wp","href":"https:\/\/api.w.org\/{rel}","templated":true}]}}