{"id":11140,"date":"2025-09-08T15:19:44","date_gmt":"2025-09-08T13:19:44","guid":{"rendered":"https:\/\/umtykocin.pl\/mieszkaniec\/?p=11140"},"modified":"2025-09-08T15:19:44","modified_gmt":"2025-09-08T13:19:44","slug":"informacja-powiatowego-lekarza-weterynarii-w-bialymstoku-2","status":"publish","type":"post","link":"https:\/\/umtykocin.pl\/mieszkaniec\/informacja-powiatowego-lekarza-weterynarii-w-bialymstoku-2\/","title":{"rendered":"Informacja Powiatowego Lekarza Weterynarii w Bia\u0142ymstoku"},"content":{"rendered":"<p>Powiatowy Lekarz Weterynarii w Bia\u0142ymstoku maj\u0105c na wzgl\u0119dzie sytuacje epizootyczn\u0105 na terenie kraju tj.:<br \/>\n&#8211; wyst\u0105pienie w okresie od stycznia do 25 sierpnia 2025 roku ognisk rzekomego pomoru drobiu na 47 komercyjnych fermach oraz w 35 gospodarstwach przyzagrodowych utrzymuj\u0105cych dr\u00f3b na u\u017cytek w\u0142asny,<br \/>\n&#8211; wyst\u0105pienie w okresie od stycznia do czerwca 2025 roku ognisk wysoce zjadliwej grypy ptak\u00f3w na 85 komercyjnych fermach drobiu oraz w 21 gospodarstwach przyzagrodowych utrzymuj\u0105cych dr\u00f3b na u\u017cytek w\u0142asny, oraz zbli\u017caj\u0105cy si\u0119 sezon zwi\u0119kszonego ryzyka wyst\u0105pienia ognisk wysoce zjadliwej grypy ptak\u00f3w, przypomina o obowi\u0105zkach posiadacza drobiu wynikaj\u0105cych z Rozporz\u0105dzenia Ministra Rolnictwa i Rozwoju Wsi z dnia 31 marca 2022 r. w sprawie zarz\u0105dzenia \u015brodk\u00f3w zwi\u0105zanych z wyst\u0105pieniem wysoce zjadliwej grypy ptak\u00f3w (Dz. U. 2022r. poz. 768 z p\u00f3\u017an.zm.) oraz Rozporz\u0105dzenia Ministra Rolnictwa i Rozwoju Wsi z dnia 25 kwietnia 2025 r. w sprawie zarz\u0105dzenia \u015brodk\u00f3w zwi\u0105zanych z wyst\u0105pieniem rzekomego pomoru drobiu (Dz. U. 2025r. poz. 564), szczeg\u00f3\u0142owo opisanych w wymaganiach bioasekuracji \u2013 utrzymywanie drobiu na potrzeby w\u0142asne oraz ulotce informacyjnej, stanowi\u0105cych za\u0142\u0105czniki do przedmiotowego pisma.<\/p>\n<p>Ponadto Powiatowy Lekarz Weterynarii w Bia\u0142ymstoku wskazuje na obowi\u0105zek zg\u0142aszania posiadania drobiu przeznaczonego na u\u017cytek w\u0142asny, informacje nale\u017cy przekazywa\u0107 drog\u0105 telefoniczn\u0105 85 6516746 w. 113 lub mailow\u0105 bialystok.miw@wetgiw.gov.pl.<\/p>\n","protected":false},"excerpt":{"rendered":"<p>Powiatowy Lekarz Weterynarii w Bia\u0142ymstoku maj\u0105c na wzgl\u0119dzie sytuacje epizootyczn\u0105 na terenie kraju tj.: &#8211; wyst\u0105pienie w okresie od stycznia do 25 sierpnia 2025 roku ognisk rzekomego pomoru drobiu na 47 komercyjnych fermach oraz w 35 gospodarstwach przyzagrodowych utrzymuj\u0105cych dr\u00f3b na u\u017cytek w\u0142asny, &#8211; wyst\u0105pienie w okresie od stycznia do czerwca 2025 roku ognisk wysoce [&hellip;]<\/p>\n","protected":false},"author":10015,"featured_media":11141,"comment_status":"closed","ping_status":"open","sticky":false,"template":"","format":"standard","meta":{"_et_pb_use_builder":"","_et_pb_old_content":"","_et_gb_content_width":"","cybocfi_hide_featured_image":"","footnotes":""},"categories":[99,1328],"tags":[],"class_list":["post-11140","post","type-post","status-publish","format-standard","has-post-thumbnail","hentry","category-aktualnosci","category-rolnictwo","high-contrast"],"_links":{"self":[{"href":"https:\/\/umtykocin.pl\/mieszkaniec\/wp-json\/wp\/v2\/posts\/11140","targetHints":{"allow":["GET"]}}],"collection":[{"href":"https:\/\/umtykocin.pl\/mieszkaniec\/wp-json\/wp\/v2\/posts"}],"about":[{"href":"https:\/\/umtykocin.pl\/mieszkaniec\/wp-json\/wp\/v2\/types\/post"}],"author":[{"embeddable":true,"href":"https:\/\/umtykocin.pl\/mieszkaniec\/wp-json\/wp\/v2\/users\/10015"}],"replies":[{"embeddable":true,"href":"https:\/\/umtykocin.pl\/mieszkaniec\/wp-json\/wp\/v2\/comments?post=11140"}],"version-history":[{"count":1,"href":"https:\/\/umtykocin.pl\/mieszkaniec\/wp-json\/wp\/v2\/posts\/11140\/revisions"}],"predecessor-version":[{"id":11142,"href":"https:\/\/umtykocin.pl\/mieszkaniec\/wp-json\/wp\/v2\/posts\/11140\/revisions\/11142"}],"wp:featuredmedia":[{"embeddable":true,"href":"https:\/\/umtykocin.pl\/mieszkaniec\/wp-json\/wp\/v2\/media\/11141"}],"wp:attachment":[{"href":"https:\/\/umtykocin.pl\/mieszkaniec\/wp-json\/wp\/v2\/media?parent=11140"}],"wp:term":[{"taxonomy":"category","embeddable":true,"href":"https:\/\/umtykocin.pl\/mieszkaniec\/wp-json\/wp\/v2\/categories?post=11140"},{"taxonomy":"post_tag","embeddable":true,"href":"https:\/\/umtykocin.pl\/mieszkaniec\/wp-json\/wp\/v2\/tags?post=11140"}],"curies":[{"name":"wp","href":"https:\/\/api.w.org\/{rel}","templated":true}]}}