{"id":11188,"date":"2025-09-25T08:56:55","date_gmt":"2025-09-25T06:56:55","guid":{"rendered":"https:\/\/umtykocin.pl\/mieszkaniec\/?p=11188"},"modified":"2025-09-25T08:56:55","modified_gmt":"2025-09-25T06:56:55","slug":"konkurs-runda-t-2025","status":"publish","type":"post","link":"https:\/\/umtykocin.pl\/mieszkaniec\/konkurs-runda-t-2025\/","title":{"rendered":"Konkurs &#8222;Runda T 2025&#8221;"},"content":{"rendered":"<p>\u201eRunda T 2025\u201d to konkurs maj\u0105cy na celu promowanie i wspierane proces\u00f3w wdro\u017ceniowych innowacyjnych projekt\u00f3w. Do konkursu mog\u0105 zg\u0142osi\u0107 si\u0119:<\/p>\n<p>instytucje naukowe, przedsi\u0119biorcy, firmy, founderzy, startupy, wszystkie osoby z pomys\u0142em w tym studenci, naukowcy, uczniowie szk\u00f3\u0142 \u015brednich, innowatorzy. Wydarzenie umo\u017cliwia spotkanie z inwestorami z ca\u0142ej Polski i nawi\u0105zanie nowych kontakt\u00f3w. Zg\u0142osi\u0107 si\u0119 do konkursu mo\u017cna indywidualnie lub zespo\u0142owo wybieraj\u0105c z tegorocznych kategorii konkursowych: Science, Concept, Open, AI, Defence.<\/p>\n<p>Fundusze inwestycyjne, kt\u00f3re zasi\u0105d\u0105 w kapitule fina\u0142owej 27 listopada 2025r. w Operze i Filharmonii Podlaskiej to m.in.: ABAN Sp. z o.o., YouNick Mint Venture Capital, iif.vc, Podlaski Fundusz Kapita\u0142owy, KKLW, Unsung Heroes &#8211; Ventures For Humanity, Edge Value, Fundusz Wschodni Sp. z o.o.<\/p>\n<p>Wi\u0119cej informacji przesy\u0142amy w za\u0142\u0105czeniu a regulamin i formularz zg\u0142oszeniowy znajduje si\u0119 na stronie<\/p>\n<p><a href=\"https:\/\/technotalenty.pl\/projekt\/rundat2025\">https:\/\/technotalenty.pl\/projekt\/rundat2025<\/a><\/p>\n<p>Honorowy Patronat obj\u0119li Polska Agencja Rozwoju Przedsi\u0119biorczo\u015bci, Narodowe Centrum Bada\u0144 i Rozwoju, Marsza\u0142ek Wojew\u00f3dztwa Podlaskiego, Prezydent Miasta Bia\u0142egostoku, Prezydent Miasta Suwa\u0142k, Rektor Politechniki Bia\u0142ostockiej, Rektor Uniwersytetu Medycznego w Bia\u0142ymstoku i Rektor Uniwersytetu w Bia\u0142ymstoku. Konkurs \u201eRunda T 2025\u201d zosta\u0142 obj\u0119ty r\u00f3wnie\u017c Patronatem medialnym Polskiego Radia Bia\u0142ystok, portalu BiaystokOnline.pl i portal Bia24.pl. Partnerami Strategicznymi s\u0105 Bia\u0142ostocki Park Naukowo-Technologiczny, Polskie Stowarzyszenie Doradcze i Konsultingowe, Koordynator Polskiego Klastra Budowlanego oraz Akademicki Inkubator Przedsi\u0119biorczo\u015bci Politechniki Bia\u0142ostockiej.<\/p>\n<p>&nbsp;<\/p>\n<p>Konkurs Runda T 2025 jest finansowany ze \u015brodk\u00f3w Unii Europejskiej w ramach projektu &#8222;Regionalny projekt w zakresie budowy potencja\u0142u regionu PPO&#8221;, kt\u00f3rego liderem jest Wojew\u00f3dztwo Podlaskie.<\/p>\n<p>&nbsp;<\/p>\n","protected":false},"excerpt":{"rendered":"<p>\u201eRunda T 2025\u201d to konkurs maj\u0105cy na celu promowanie i wspierane proces\u00f3w wdro\u017ceniowych innowacyjnych projekt\u00f3w. Do konkursu mog\u0105 zg\u0142osi\u0107 si\u0119: instytucje naukowe, przedsi\u0119biorcy, firmy, founderzy, startupy, wszystkie osoby z pomys\u0142em w tym studenci, naukowcy, uczniowie szk\u00f3\u0142 \u015brednich, innowatorzy. Wydarzenie umo\u017cliwia spotkanie z inwestorami z ca\u0142ej Polski i nawi\u0105zanie nowych kontakt\u00f3w. Zg\u0142osi\u0107 si\u0119 do konkursu mo\u017cna [&hellip;]<\/p>\n","protected":false},"author":10015,"featured_media":11189,"comment_status":"closed","ping_status":"open","sticky":false,"template":"","format":"standard","meta":{"_et_pb_use_builder":"","_et_pb_old_content":"","_et_gb_content_width":"","cybocfi_hide_featured_image":"","footnotes":""},"categories":[99],"tags":[],"class_list":["post-11188","post","type-post","status-publish","format-standard","has-post-thumbnail","hentry","category-aktualnosci","high-contrast"],"_links":{"self":[{"href":"https:\/\/umtykocin.pl\/mieszkaniec\/wp-json\/wp\/v2\/posts\/11188","targetHints":{"allow":["GET"]}}],"collection":[{"href":"https:\/\/umtykocin.pl\/mieszkaniec\/wp-json\/wp\/v2\/posts"}],"about":[{"href":"https:\/\/umtykocin.pl\/mieszkaniec\/wp-json\/wp\/v2\/types\/post"}],"author":[{"embeddable":true,"href":"https:\/\/umtykocin.pl\/mieszkaniec\/wp-json\/wp\/v2\/users\/10015"}],"replies":[{"embeddable":true,"href":"https:\/\/umtykocin.pl\/mieszkaniec\/wp-json\/wp\/v2\/comments?post=11188"}],"version-history":[{"count":1,"href":"https:\/\/umtykocin.pl\/mieszkaniec\/wp-json\/wp\/v2\/posts\/11188\/revisions"}],"predecessor-version":[{"id":11190,"href":"https:\/\/umtykocin.pl\/mieszkaniec\/wp-json\/wp\/v2\/posts\/11188\/revisions\/11190"}],"wp:featuredmedia":[{"embeddable":true,"href":"https:\/\/umtykocin.pl\/mieszkaniec\/wp-json\/wp\/v2\/media\/11189"}],"wp:attachment":[{"href":"https:\/\/umtykocin.pl\/mieszkaniec\/wp-json\/wp\/v2\/media?parent=11188"}],"wp:term":[{"taxonomy":"category","embeddable":true,"href":"https:\/\/umtykocin.pl\/mieszkaniec\/wp-json\/wp\/v2\/categories?post=11188"},{"taxonomy":"post_tag","embeddable":true,"href":"https:\/\/umtykocin.pl\/mieszkaniec\/wp-json\/wp\/v2\/tags?post=11188"}],"curies":[{"name":"wp","href":"https:\/\/api.w.org\/{rel}","templated":true}]}}