{"id":11192,"date":"2025-09-25T09:20:53","date_gmt":"2025-09-25T07:20:53","guid":{"rendered":"https:\/\/umtykocin.pl\/mieszkaniec\/?p=11192"},"modified":"2025-09-25T09:20:53","modified_gmt":"2025-09-25T07:20:53","slug":"srody-z-krajowa-administracja-skarbowa-srody-z-ksef","status":"publish","type":"post","link":"https:\/\/umtykocin.pl\/mieszkaniec\/srody-z-krajowa-administracja-skarbowa-srody-z-ksef\/","title":{"rendered":"\u015arody z Krajow\u0105 Administracj\u0105 Skarbow\u0105 &#8222;\u015arody z KSeF&#8221;"},"content":{"rendered":"<p>Informujemy, \u017ce podlaska Krajowa Administracja Skarbowa kontynuuje dzia\u0142ania informacyjne zwi\u0105zane z wdro\u017ceniem Krajowego Systemu e-Faktur. W\u0142a\u015bnie rusza cykl bezp\u0142atnych szkole\u0144 dla przedsi\u0119biorc\u00f3w pn. \u201e\u015arody z KSeF\u201d. Zale\u017cy nam \u017ceby dotrze\u0107 z informacj\u0105 o tych szkoleniach jak najszerzej, st\u0105d ponownie zwracam si\u0119 do Pa\u0144stwa z pro\u015bb\u0105 o pomoc i publikacj\u0119 naszych informacji w tym zakresie na Pa\u0144stwa stronach internetowych i social mediach.<\/p>\n<p>&nbsp;<\/p>\n<p>Temat cieszy si\u0119 du\u017cym zainteresowaniem przedsi\u0119biorc\u00f3w poniewa\u017c dotyczy w zasadzie wszystkich prowadz\u0105cych dzia\u0142alno\u015b\u0107 gospodarcz\u0105. W letnich spotkaniach informacyjnych dot. tego zagadnienia w ca\u0142ym kraju, mimo wakacji, wzi\u0119\u0142o udzia\u0142 60 tys. przedsi\u0119biorc\u00f3w. Komunikat z informacjami o rozpoczynaj\u0105cej si\u0119 serii szkole\u0144 znajdziecie Pa\u0144stwo w linku:<\/p>\n<p>&nbsp;<\/p>\n<p><strong><a href=\"https:\/\/www.gov.pl\/web\/ias-bialystok\/ruszaja-srody-z-ksef\">Ruszaj\u0105 &#8222;\u015arody z KSeF&#8221;<\/a><\/strong><\/p>\n<p>&nbsp;<\/p>\n<p>Je\u017celi to mo\u017cliwe, to byliby\u015bmy tak\u017ce wdzi\u0119czni za podbicie naszego posta informacyjnego na Facebooku. Post znajduje si\u0119 pod linkiem:<\/p>\n<p><a href=\"https:\/\/www.facebook.com\/PodlaskaKAS\/posts\/pfbid0HAf9Tdkfhoy9tF7dT13VNBbrA88GwMsKdGDo8MS2MuJCCXWvpJf4vCsXfwHr3FfBl\">https:\/\/www.facebook.com\/PodlaskaKAS\/posts\/pfbid0HAf9Tdkfhoy9tF7dT13VNBbrA88GwMsKdGDo8MS2MuJCCXWvpJf4vCsXfwHr3FfBl<\/a><\/p>\n<p>Krajowy System e-Faktur (KSeF) to system, kt\u00f3ry s\u0142u\u017cy do wystawiania, przesy\u0142ania, odbierania i przechowywania faktur ustrukturyzowanych.<\/p>\n<p>Obowi\u0105zek wystawiania faktur w KSeF nast\u0105pi od:<\/p>\n<ul>\n<li>1 lutego 2026 r. dla przedsi\u0119biorc\u00f3w, u kt\u00f3rych warto\u015b\u0107 sprzeda\u017cy (wraz z kwot\u0105 podatku) przekroczy\u0142a w 2024 r. 200 mln z\u0142,<\/li>\n<li>1 kwietnia 2026 r. dla pozosta\u0142ych przedsi\u0119biorc\u00f3w.<\/li>\n<\/ul>\n<p>\u201e\u015arody z KSeF\u201d to cykl bezp\u0142atnych szkole\u0144, podczas kt\u00f3rych poznasz podstawowe informacje oraz praktyczne aspekty korzystania z Krajowego Systemu e-Faktur. Spotkania odbywaj\u0105 si\u0119 w \u015brody \u2013 zar\u00f3wno <strong>stacjonarnie<\/strong>, jak i <strong>on-line<\/strong> \u2013 aby ka\u017cdy m\u00f3g\u0142 wzi\u0105\u0107 udzia\u0142 w dogodnej formie.<\/p>\n<p>Cykl spotka\u0144 w naszym urz\u0119dzie rozpoczyna si\u0119 24 wrze\u015bnia 2025 r.<\/p>\n<h3>Co mo\u017cna zyska\u0107 uczestnicz\u0105c w szkoleniach?<\/h3>\n<ul>\n<li>Praktyczn\u0105 wiedz\u0119 o KSeF<\/li>\n<li>Zapoznanie si\u0119 z obs\u0142ug\u0105 bezp\u0142atnych narz\u0119dzi<\/li>\n<li>Wsparcie w adaptacji<\/li>\n<\/ul>\n<h3>Modu\u0142y szkolenia<\/h3>\n<p>Szkolenie podzielone jest na bloki tematyczne, wi\u0119c mo\u017cesz przej\u015b\u0107 ca\u0142y cykl albo wybra\u0107 tylko te cz\u0119\u015bci, kt\u00f3re s\u0105 dla Ciebie najwa\u017cniejsze. Poni\u017cej przedstawiamy zagadnienia szkole\u0144 oraz daty ich przeprowadzenia w naszym urz\u0119dzie skarbowym (Bia\u0142ystok, ul. \u015awi\u0119toja\u0144ska 13, pok. 510, <strong>obowi\u0105zuje wcze\u015bniejsza rejestracja pod numerem telefonu <a href=\"tel:735 251 805\">735 251 805<\/a>, limit miejsc: 70<\/strong>):<\/p>\n<ul>\n<li><strong>Modu\u0142 I<\/strong> \u2013 8 pa\u017adziernika 2025 r., godz. 9.00-13.30 &#8211; Podstawowe informacje o KSeF<\/li>\n<li><strong>Modu\u0142 II<\/strong> \u2013 8 pa\u017adziernika 2025 r., godz. 9.00-13.30 &#8211; Uwierzytelnienie i autoryzacja w KSeF oraz nadawanie uprawnie\u0144<\/li>\n<li><strong>Modu\u0142 III<\/strong> \u2013 29\u00a0pa\u017adziernika 2025 r., godz. 9.00-13.30 &#8211; Wystawianie i otrzymywanie faktur w KSeF<\/li>\n<li><strong>Modu\u0142 IV<\/strong> \u2013 29\u00a0pa\u017adziernika 2025 r., godz. 9.00-13.30 &#8211; Modu\u0142 Certyfikat\u00f3w i Uprawnie\u0144 MCU<\/li>\n<li><strong>Modu\u0142 V<\/strong> \u2013 26 listopada\u00a02025 r., godz. 9.00-13.30 &#8211; Nadawanie uprawnie\u0144 oraz wystawianie faktur w KSeF przez JST i Grupy VAT oraz rolnik\u00f3w rycza\u0142towych<\/li>\n<li><strong>Modu\u0142 VI<\/strong> \u2013 26 listopada\u00a02025 r., godz. 9.00-13.30 &#8211; Bezp\u0142atne narz\u0119dzia KSeF \u2013 Aplikacja Mobilna KSeF<\/li>\n<li><strong>Modu\u0142 VII<\/strong> \u2013 17 grudnia 2025 r., godz. 9.00-13.30 &#8211; Bezp\u0142atne narz\u0119dzia KSeF \u2013 Aplikacja Podatnika KSeF<\/li>\n<li><strong>Modu\u0142 VIII<\/strong> \u2013\u00a017 grudnia 2025 r., godz. 9.00-13.30 &#8211; Bezp\u0142atne narz\u0119dzia KSeF \u2013 e-mikrofirma powi\u0105zana z KSeF oraz dodatkowe funkcjonalno\u015bci KSeF<\/li>\n<\/ul>\n<p>Ka\u017cde spotkanie to okazja do zdobycia wiedzy, zadania pyta\u0144 ekspertom i wymiany do\u015bwiadcze\u0144 z innymi uczestnikami.<\/p>\n<p><strong>Wybierz dogodny termin i interesuj\u0105c\u0105 Ci\u0119 tematyk\u0119 spotkania.<\/strong><\/p>\n<p><strong>Mo\u017cesz te\u017c skorzysta\u0107 ze szkole\u0144 online, organizowanych przez izby administracji skarbowej. Sprawd\u017a terminarz:<\/strong><\/p>\n<h4>Szkolenia IAS online<\/h4>\n<ul>\n<li><strong>Modu\u0142 I<\/strong> \u2013 24 wrze\u015bnia, godz. 9-11\u00a0i 17-19\u00a0&#8211; Podstawowe informacje o KSeF (<a title=\"Szkolenie - \u015arody z KSeF - link otwiera si\u0119 w nowym oknie\" href=\"https:\/\/teams.microsoft.com\/meet\/3236654243716?p=p7vNoI6l3d2NG2x1pn\" target=\"_blank\" rel=\"noopener\">link do szkolenia<\/a>)<\/li>\n<li><strong>Modu\u0142 II<\/strong> \u2013 1 pa\u017adziernika, godz. 9-11\u00a0i 17-19 &#8211; Uwierzytelnienie i autoryzacja w KSeF oraz nadawanie uprawnie\u0144\u00a0(<a title=\"Szkolenie - \u015arody z KSeF - link otwiera si\u0119 w nowym oknie\" href=\"https:\/\/teams.microsoft.com\/meet\/3236654243716?p=p7vNoI6l3d2NG2x1pn\" target=\"_blank\" rel=\"noopener\">link do szkolenia<\/a>)<\/li>\n<li><strong>Modu\u0142 III<\/strong> \u2013 22 pa\u017adziernika, godz. 9-11\u00a0i 17-19 &#8211; Wystawianie i otrzymywanie faktur w KSeF\u00a0(<a title=\"Szkolenie - \u015arody z KSeF - link otwiera si\u0119 w nowym oknie\" href=\"https:\/\/teams.microsoft.com\/meet\/3236654243716?p=p7vNoI6l3d2NG2x1pn\" target=\"_blank\" rel=\"noopener\">link do szkolenia<\/a>)<\/li>\n<li><strong>Modu\u0142 IV <\/strong>\u2013 29 pa\u017adziernika, godz. 9-11\u00a0i 17-19 &#8211; ZZ &#8211; Modu\u0142 Certyfikat\u00f3w i Uprawnie\u0144 MCU\u00a0(<a title=\"Szkolenie - \u015arody z KSeF - link otwiera si\u0119 w nowym oknie\" href=\"https:\/\/teams.microsoft.com\/meet\/3236654243716?p=p7vNoI6l3d2NG2x1pn\" target=\"_blank\" rel=\"noopener\">link do szkolenia<\/a>)<\/li>\n<li><strong>Modu\u0142 V <\/strong>\u2013 12 listopada, godz. 9-11\u00a0i 17-19 &#8211; Nadawanie uprawnie\u0144 oraz wystawianie faktur w KSeF przez JST i Grupy VAT oraz rolnik\u00f3w rycza\u0142towych\u00a0(<a title=\"Szkolenie - \u015arody z KSeF - link otwiera si\u0119 w nowym oknie\" href=\"https:\/\/teams.microsoft.com\/meet\/3236654243716?p=p7vNoI6l3d2NG2x1pn\" target=\"_blank\" rel=\"noopener\">link do szkolenia<\/a>)<\/li>\n<li><strong>Modu\u0142 VI <\/strong>\u2013 19 listopada, godz. 9-11\u00a0i 17-19 &#8211; Bezp\u0142atne narz\u0119dzia KSeF \u2013 Aplikacja Mobilna KSeF\u00a0(<a title=\"Szkolenie - \u015arody z KSeF - link otwiera si\u0119 w nowym oknie\" href=\"https:\/\/teams.microsoft.com\/meet\/3236654243716?p=p7vNoI6l3d2NG2x1pn\" target=\"_blank\" rel=\"noopener\">link do szkolenia<\/a>)<\/li>\n<li><strong>Modu\u0142 VII <\/strong>\u2013 3 grudnia, godz. 9-11\u00a0i 17-19 &#8211; Bezp\u0142atne narz\u0119dzia KSeF \u2013 Aplikacja Podatnika KSeF\u00a0(<a title=\"Szkolenie - \u015arody z KSeF - link otwiera si\u0119 w nowym oknie\" href=\"https:\/\/teams.microsoft.com\/meet\/3236654243716?p=p7vNoI6l3d2NG2x1pn\" target=\"_blank\" rel=\"noopener\">link do szkolenia<\/a>)<\/li>\n<li><strong>Modu\u0142 VIII <\/strong>\u2013 10 grudnia, godz. 9-11\u00a0i 17-19 &#8211; Bezp\u0142atne narz\u0119dzia KSeF \u2013 e-mikrofirma powi\u0105zana z KSeF oraz dodatkowe funkcjonalno\u015bci KSeF\u00a0(<a title=\"Szkolenie - \u015arody z KSeF - link otwiera si\u0119 w nowym oknie\" href=\"https:\/\/teams.microsoft.com\/meet\/3236654243716?p=p7vNoI6l3d2NG2x1pn\" target=\"_blank\" rel=\"noopener\">link do szkolenia<\/a>)<\/li>\n<\/ul>\n","protected":false},"excerpt":{"rendered":"<p>Informujemy, \u017ce podlaska Krajowa Administracja Skarbowa kontynuuje dzia\u0142ania informacyjne zwi\u0105zane z wdro\u017ceniem Krajowego Systemu e-Faktur. W\u0142a\u015bnie rusza cykl bezp\u0142atnych szkole\u0144 dla przedsi\u0119biorc\u00f3w pn. \u201e\u015arody z KSeF\u201d. Zale\u017cy nam \u017ceby dotrze\u0107 z informacj\u0105 o tych szkoleniach jak najszerzej, st\u0105d ponownie zwracam si\u0119 do Pa\u0144stwa z pro\u015bb\u0105 o pomoc i publikacj\u0119 naszych informacji w tym zakresie na [&hellip;]<\/p>\n","protected":false},"author":10015,"featured_media":11193,"comment_status":"closed","ping_status":"open","sticky":false,"template":"","format":"standard","meta":{"_et_pb_use_builder":"","_et_pb_old_content":"","_et_gb_content_width":"","cybocfi_hide_featured_image":"","footnotes":""},"categories":[99],"tags":[],"class_list":["post-11192","post","type-post","status-publish","format-standard","has-post-thumbnail","hentry","category-aktualnosci","high-contrast"],"_links":{"self":[{"href":"https:\/\/umtykocin.pl\/mieszkaniec\/wp-json\/wp\/v2\/posts\/11192","targetHints":{"allow":["GET"]}}],"collection":[{"href":"https:\/\/umtykocin.pl\/mieszkaniec\/wp-json\/wp\/v2\/posts"}],"about":[{"href":"https:\/\/umtykocin.pl\/mieszkaniec\/wp-json\/wp\/v2\/types\/post"}],"author":[{"embeddable":true,"href":"https:\/\/umtykocin.pl\/mieszkaniec\/wp-json\/wp\/v2\/users\/10015"}],"replies":[{"embeddable":true,"href":"https:\/\/umtykocin.pl\/mieszkaniec\/wp-json\/wp\/v2\/comments?post=11192"}],"version-history":[{"count":1,"href":"https:\/\/umtykocin.pl\/mieszkaniec\/wp-json\/wp\/v2\/posts\/11192\/revisions"}],"predecessor-version":[{"id":11194,"href":"https:\/\/umtykocin.pl\/mieszkaniec\/wp-json\/wp\/v2\/posts\/11192\/revisions\/11194"}],"wp:featuredmedia":[{"embeddable":true,"href":"https:\/\/umtykocin.pl\/mieszkaniec\/wp-json\/wp\/v2\/media\/11193"}],"wp:attachment":[{"href":"https:\/\/umtykocin.pl\/mieszkaniec\/wp-json\/wp\/v2\/media?parent=11192"}],"wp:term":[{"taxonomy":"category","embeddable":true,"href":"https:\/\/umtykocin.pl\/mieszkaniec\/wp-json\/wp\/v2\/categories?post=11192"},{"taxonomy":"post_tag","embeddable":true,"href":"https:\/\/umtykocin.pl\/mieszkaniec\/wp-json\/wp\/v2\/tags?post=11192"}],"curies":[{"name":"wp","href":"https:\/\/api.w.org\/{rel}","templated":true}]}}