{"id":11205,"date":"2025-09-30T07:56:14","date_gmt":"2025-09-30T05:56:14","guid":{"rendered":"https:\/\/umtykocin.pl\/mieszkaniec\/?p=11205"},"modified":"2025-09-30T07:56:14","modified_gmt":"2025-09-30T05:56:14","slug":"informacja-o-jesiennej-akcji-szczepienia-lisow","status":"publish","type":"post","link":"https:\/\/umtykocin.pl\/mieszkaniec\/informacja-o-jesiennej-akcji-szczepienia-lisow\/","title":{"rendered":"Informacja o jesiennej akcji szczepienia lis\u00f3w"},"content":{"rendered":"<p>Urz\u0105d Miejski w Tykocinie informuje o jesiennej akcji szczepienia lis\u00f3w przeciwko w\u015bciekli\u017anie za pomoc\u0105 zrzucanych z samolot\u00f3w szczepionek.<\/p>\n<p>Zach\u0119camy do zapoznania si\u0119 z poni\u017csz\u0105 informacj\u0105:<\/p>\n<p><a href=\"http:\/\/Informacja o jesiennej akcji szczepienia lis\u00f3w\">PIW-Z.510.5.4.2025 urz\u0119dy informacja jesienna akcja szczepie\u0144-1<\/a><\/p>\n","protected":false},"excerpt":{"rendered":"<p>Urz\u0105d Miejski w Tykocinie informuje o jesiennej akcji szczepienia lis\u00f3w przeciwko w\u015bciekli\u017anie za pomoc\u0105 zrzucanych z samolot\u00f3w szczepionek. Zach\u0119camy do zapoznania si\u0119 z poni\u017csz\u0105 informacj\u0105: PIW-Z.510.5.4.2025 urz\u0119dy informacja jesienna akcja szczepie\u0144-1<\/p>\n","protected":false},"author":10015,"featured_media":8151,"comment_status":"closed","ping_status":"open","sticky":false,"template":"","format":"standard","meta":{"_et_pb_use_builder":"","_et_pb_old_content":"","_et_gb_content_width":"","cybocfi_hide_featured_image":"","footnotes":""},"categories":[99],"tags":[],"class_list":["post-11205","post","type-post","status-publish","format-standard","has-post-thumbnail","hentry","category-aktualnosci","high-contrast"],"_links":{"self":[{"href":"https:\/\/umtykocin.pl\/mieszkaniec\/wp-json\/wp\/v2\/posts\/11205","targetHints":{"allow":["GET"]}}],"collection":[{"href":"https:\/\/umtykocin.pl\/mieszkaniec\/wp-json\/wp\/v2\/posts"}],"about":[{"href":"https:\/\/umtykocin.pl\/mieszkaniec\/wp-json\/wp\/v2\/types\/post"}],"author":[{"embeddable":true,"href":"https:\/\/umtykocin.pl\/mieszkaniec\/wp-json\/wp\/v2\/users\/10015"}],"replies":[{"embeddable":true,"href":"https:\/\/umtykocin.pl\/mieszkaniec\/wp-json\/wp\/v2\/comments?post=11205"}],"version-history":[{"count":1,"href":"https:\/\/umtykocin.pl\/mieszkaniec\/wp-json\/wp\/v2\/posts\/11205\/revisions"}],"predecessor-version":[{"id":11207,"href":"https:\/\/umtykocin.pl\/mieszkaniec\/wp-json\/wp\/v2\/posts\/11205\/revisions\/11207"}],"wp:featuredmedia":[{"embeddable":true,"href":"https:\/\/umtykocin.pl\/mieszkaniec\/wp-json\/wp\/v2\/media\/8151"}],"wp:attachment":[{"href":"https:\/\/umtykocin.pl\/mieszkaniec\/wp-json\/wp\/v2\/media?parent=11205"}],"wp:term":[{"taxonomy":"category","embeddable":true,"href":"https:\/\/umtykocin.pl\/mieszkaniec\/wp-json\/wp\/v2\/categories?post=11205"},{"taxonomy":"post_tag","embeddable":true,"href":"https:\/\/umtykocin.pl\/mieszkaniec\/wp-json\/wp\/v2\/tags?post=11205"}],"curies":[{"name":"wp","href":"https:\/\/api.w.org\/{rel}","templated":true}]}}