{"id":11209,"date":"2025-09-30T14:15:41","date_gmt":"2025-09-30T12:15:41","guid":{"rendered":"https:\/\/umtykocin.pl\/mieszkaniec\/?p=11209"},"modified":"2025-09-30T14:15:41","modified_gmt":"2025-09-30T12:15:41","slug":"zaproszenie-na-webinarium-zrownowazony-rozwoj-z-perspektywy-klienta-nowe-wymogi-ujawnieniowe-jednostek-gospodarczych","status":"publish","type":"post","link":"https:\/\/umtykocin.pl\/mieszkaniec\/zaproszenie-na-webinarium-zrownowazony-rozwoj-z-perspektywy-klienta-nowe-wymogi-ujawnieniowe-jednostek-gospodarczych\/","title":{"rendered":"Zaproszenie na webinarium \u201eZr\u00f3wnowa\u017cony rozw\u00f3j z perspektywy klienta \u2013 nowe wymogi ujawnieniowe jednostek gospodarczych\u201d"},"content":{"rendered":"<p>Urz\u0105d Komisji Nadzoru Finansowego zaprasza indywidualnych, nieprofesjonalnych uczestnik\u00f3w rynku finansowego (w tym inwestor\u00f3w indywidualnych) na webinarium \u201eZr\u00f3wnowa\u017cony rozw\u00f3j z perspektywy klienta \u2013 nowe wymogi ujawnieniowe jednostek gospodarczych\u201d organizowane w ramach projektu Centrum Edukacji dla Uczestnik\u00f3w Rynku \u2013 CEDUR, we wsp\u00f3\u0142pracy z Komend\u0105 G\u0142\u00f3wn\u0105 Policji.<\/p>\n<p>Webinarium odb\u0119dzie si\u0119 <strong>2 pa\u017adziernika 2025 roku<\/strong> (8:30-13:30).<\/p>\n<p><strong>Cel<br \/>\n<\/strong>Celem webinarium jest zapoznanie uczestnik\u00f3w z koncepcj\u0105 zr\u00f3wnowa\u017conego rozwoju oraz przedstawienie wymog\u00f3w ujawnie\u0144 w zakresie zr\u00f3wnowa\u017conego rozwoju w zwi\u0105zku<br \/>\nz regulacjami Unii Europejskiej.<\/p>\n<p><strong>Zg\u0142oszenia<br \/>\n<\/strong>Rejestracja na webinarium CEDUR odbywa si\u0119 poprzez elektroniczny formularz zg\u0142oszeniowy \u2013 link do strony z odno\u015bnikiem do formularza:<br \/>\n<a href=\"https:\/\/www.knf.gov.pl\/dla_rynku\/edukacja_cedur\/seminaria?articleId=94993&amp;p_id=18\">https:\/\/www.knf.gov.pl\/dla_rynku\/edukacja_cedur\/seminaria?articleId=94993&amp;p_id=18<\/a><\/p>\n<p>Potwierdzenia mo\u017cliwo\u015bci udzia\u0142u zostan\u0105 przes\u0142ane do 1 pa\u017adziernika 2025 roku. Formularz zg\u0142oszeniowy b\u0119dzie dost\u0119pny do dnia, w kt\u00f3rym odb\u0119dzie si\u0119 webinarium. W przypadku zg\u0142osze\u0144, kt\u00f3re wp\u0142yn\u0105 w dniu webinarium, potwierdzenia mo\u017cliwo\u015bci udzia\u0142u oraz zaproszenia na spotkanie (wraz z linkiem) b\u0119d\u0105 przesy\u0142ane na bie\u017c\u0105co.<\/p>\n<p><strong>Informacje techniczne<br \/>\n<\/strong>W celu udzia\u0142u w webinarium niezb\u0119dne jest stabilne \u0142\u0105cze internetowe. W spotkaniu mo\u017cna uczestniczy\u0107 poprzez przegl\u0105dark\u0119 internetow\u0105 lub aplikacj\u0119 Cisco Webex. Szczeg\u00f3\u0142owe informacje techniczne dotycz\u0105ce do\u0142\u0105czenia do spotkania zostan\u0105 przes\u0142ane po potwierdzeniu mo\u017cliwo\u015bci udzia\u0142u oraz wys\u0142aniu wiadomo\u015bci z zaproszeniem (wraz z linkiem) na spotkanie.<\/p>\n<p><strong>Op\u0142aty<br \/>\n<\/strong>Udzia\u0142 w webinarium jest bezp\u0142atny.<\/p>\n","protected":false},"excerpt":{"rendered":"<p>Urz\u0105d Komisji Nadzoru Finansowego zaprasza indywidualnych, nieprofesjonalnych uczestnik\u00f3w rynku finansowego (w tym inwestor\u00f3w indywidualnych) na webinarium \u201eZr\u00f3wnowa\u017cony rozw\u00f3j z perspektywy klienta \u2013 nowe wymogi ujawnieniowe jednostek gospodarczych\u201d organizowane w ramach projektu Centrum Edukacji dla Uczestnik\u00f3w Rynku \u2013 CEDUR, we wsp\u00f3\u0142pracy z Komend\u0105 G\u0142\u00f3wn\u0105 Policji. Webinarium odb\u0119dzie si\u0119 2 pa\u017adziernika 2025 roku (8:30-13:30). Cel Celem webinarium [&hellip;]<\/p>\n","protected":false},"author":10015,"featured_media":11210,"comment_status":"closed","ping_status":"open","sticky":false,"template":"","format":"standard","meta":{"_et_pb_use_builder":"","_et_pb_old_content":"","_et_gb_content_width":"","cybocfi_hide_featured_image":"","footnotes":""},"categories":[99],"tags":[],"class_list":["post-11209","post","type-post","status-publish","format-standard","has-post-thumbnail","hentry","category-aktualnosci","high-contrast"],"_links":{"self":[{"href":"https:\/\/umtykocin.pl\/mieszkaniec\/wp-json\/wp\/v2\/posts\/11209","targetHints":{"allow":["GET"]}}],"collection":[{"href":"https:\/\/umtykocin.pl\/mieszkaniec\/wp-json\/wp\/v2\/posts"}],"about":[{"href":"https:\/\/umtykocin.pl\/mieszkaniec\/wp-json\/wp\/v2\/types\/post"}],"author":[{"embeddable":true,"href":"https:\/\/umtykocin.pl\/mieszkaniec\/wp-json\/wp\/v2\/users\/10015"}],"replies":[{"embeddable":true,"href":"https:\/\/umtykocin.pl\/mieszkaniec\/wp-json\/wp\/v2\/comments?post=11209"}],"version-history":[{"count":1,"href":"https:\/\/umtykocin.pl\/mieszkaniec\/wp-json\/wp\/v2\/posts\/11209\/revisions"}],"predecessor-version":[{"id":11211,"href":"https:\/\/umtykocin.pl\/mieszkaniec\/wp-json\/wp\/v2\/posts\/11209\/revisions\/11211"}],"wp:featuredmedia":[{"embeddable":true,"href":"https:\/\/umtykocin.pl\/mieszkaniec\/wp-json\/wp\/v2\/media\/11210"}],"wp:attachment":[{"href":"https:\/\/umtykocin.pl\/mieszkaniec\/wp-json\/wp\/v2\/media?parent=11209"}],"wp:term":[{"taxonomy":"category","embeddable":true,"href":"https:\/\/umtykocin.pl\/mieszkaniec\/wp-json\/wp\/v2\/categories?post=11209"},{"taxonomy":"post_tag","embeddable":true,"href":"https:\/\/umtykocin.pl\/mieszkaniec\/wp-json\/wp\/v2\/tags?post=11209"}],"curies":[{"name":"wp","href":"https:\/\/api.w.org\/{rel}","templated":true}]}}