{"id":11240,"date":"2025-10-08T13:33:54","date_gmt":"2025-10-08T11:33:54","guid":{"rendered":"https:\/\/umtykocin.pl\/mieszkaniec\/?p=11240"},"modified":"2025-10-08T13:33:54","modified_gmt":"2025-10-08T11:33:54","slug":"konkurs-dookola-kola-dla-kgw","status":"publish","type":"post","link":"https:\/\/umtykocin.pl\/mieszkaniec\/konkurs-dookola-kola-dla-kgw\/","title":{"rendered":"Konkurs &#8222;Dooko\u0142a Ko\u0142a&#8221; dla KGW"},"content":{"rendered":"<p>Urz\u0105d Marsza\u0142kowski Wojew\u00f3dztwa Podlaskiego zaprasza Ko\u0142a Gospody\u0144 Wiejskich do wzi\u0119cia udzia\u0142u w konkursie &#8222;Dooko\u0142a Ko\u0142a&#8221; skierowanego do funkcjonuj\u0105cych w wojew\u00f3dztwie podlaskim K\u00f3\u0142 Gospody\u0144 Wiejskich. Celem konkursu jest przede wszystkim aktywizacja spo\u0142eczno\u015bci zamieszkuj\u0105cej obszary wiejskie, inspirowanie kobiet z podlaskich wsi oraz promocja aktywnych zrzesze\u0144 gospody\u0144 wiejskich.<\/p>\n<p>Zapraszamy do zapoznania si\u0119 ze szczeg\u00f3\u0142ami konkursu: https:\/\/podlaskie.eu\/rs\/rolnictwo\/dookola-kola-konkurs-dla-kgw-1.html<\/p>\n<p>&nbsp;<\/p>\n","protected":false},"excerpt":{"rendered":"<p>Urz\u0105d Marsza\u0142kowski Wojew\u00f3dztwa Podlaskiego zaprasza Ko\u0142a Gospody\u0144 Wiejskich do wzi\u0119cia udzia\u0142u w konkursie &#8222;Dooko\u0142a Ko\u0142a&#8221; skierowanego do funkcjonuj\u0105cych w wojew\u00f3dztwie podlaskim K\u00f3\u0142 Gospody\u0144 Wiejskich. Celem konkursu jest przede wszystkim aktywizacja spo\u0142eczno\u015bci zamieszkuj\u0105cej obszary wiejskie, inspirowanie kobiet z podlaskich wsi oraz promocja aktywnych zrzesze\u0144 gospody\u0144 wiejskich. Zapraszamy do zapoznania si\u0119 ze szczeg\u00f3\u0142ami konkursu: https:\/\/podlaskie.eu\/rs\/rolnictwo\/dookola-kola-konkurs-dla-kgw-1.html &nbsp;<\/p>\n","protected":false},"author":10015,"featured_media":11011,"comment_status":"closed","ping_status":"open","sticky":false,"template":"","format":"standard","meta":{"_et_pb_use_builder":"","_et_pb_old_content":"","_et_gb_content_width":"","cybocfi_hide_featured_image":"","footnotes":""},"categories":[99],"tags":[],"class_list":["post-11240","post","type-post","status-publish","format-standard","has-post-thumbnail","hentry","category-aktualnosci","high-contrast"],"_links":{"self":[{"href":"https:\/\/umtykocin.pl\/mieszkaniec\/wp-json\/wp\/v2\/posts\/11240","targetHints":{"allow":["GET"]}}],"collection":[{"href":"https:\/\/umtykocin.pl\/mieszkaniec\/wp-json\/wp\/v2\/posts"}],"about":[{"href":"https:\/\/umtykocin.pl\/mieszkaniec\/wp-json\/wp\/v2\/types\/post"}],"author":[{"embeddable":true,"href":"https:\/\/umtykocin.pl\/mieszkaniec\/wp-json\/wp\/v2\/users\/10015"}],"replies":[{"embeddable":true,"href":"https:\/\/umtykocin.pl\/mieszkaniec\/wp-json\/wp\/v2\/comments?post=11240"}],"version-history":[{"count":1,"href":"https:\/\/umtykocin.pl\/mieszkaniec\/wp-json\/wp\/v2\/posts\/11240\/revisions"}],"predecessor-version":[{"id":11242,"href":"https:\/\/umtykocin.pl\/mieszkaniec\/wp-json\/wp\/v2\/posts\/11240\/revisions\/11242"}],"wp:featuredmedia":[{"embeddable":true,"href":"https:\/\/umtykocin.pl\/mieszkaniec\/wp-json\/wp\/v2\/media\/11011"}],"wp:attachment":[{"href":"https:\/\/umtykocin.pl\/mieszkaniec\/wp-json\/wp\/v2\/media?parent=11240"}],"wp:term":[{"taxonomy":"category","embeddable":true,"href":"https:\/\/umtykocin.pl\/mieszkaniec\/wp-json\/wp\/v2\/categories?post=11240"},{"taxonomy":"post_tag","embeddable":true,"href":"https:\/\/umtykocin.pl\/mieszkaniec\/wp-json\/wp\/v2\/tags?post=11240"}],"curies":[{"name":"wp","href":"https:\/\/api.w.org\/{rel}","templated":true}]}}