{"id":11243,"date":"2025-10-08T13:40:43","date_gmt":"2025-10-08T11:40:43","guid":{"rendered":"https:\/\/umtykocin.pl\/mieszkaniec\/?p=11243"},"modified":"2025-10-08T13:40:43","modified_gmt":"2025-10-08T11:40:43","slug":"vi-edycja-ogolnopolskiego-konkursu-testowego-z-zakresu-bezpiecznej-pracy-w-gospodarstwie-rolnym-dobrostan-rolnika","status":"publish","type":"post","link":"https:\/\/umtykocin.pl\/mieszkaniec\/vi-edycja-ogolnopolskiego-konkursu-testowego-z-zakresu-bezpiecznej-pracy-w-gospodarstwie-rolnym-dobrostan-rolnika\/","title":{"rendered":"VI edycja Og\u00f3lnopolskiego Konkursu Testowego z zakresu Bezpiecznej Pracy w Gospodarstwie Rolnym Dobrostan Rolnika"},"content":{"rendered":"<p>We\u017a udzia\u0142 w VI edycji Konkursu Testowego \u201eDobrostan Rolnika\u201d \u2014 sprawd\u017a wiedz\u0119 i zdob\u0105d\u017a atrakcyjne nagrody!<\/p>\n<p>Kasa Rolniczego Ubezpieczenia Spo\u0142ecznego Oddzia\u0142 Regionalny w Bia\u0142ymstoku zaprasza do udzia\u0142u w VI edycji Og\u00f3lnopolskiego Konkursu Testowego z Zakresu Bezpiecznej Pracy w Gospodarstwie Rolnym pod has\u0142em \u201eDobrostan Rolnika\u201d.<\/p>\n<p>Konkurs ma na celu popularyzacj\u0119 zasad ochrony zdrowia i \u017cycia w gospodarstwie rolnym oraz zwi\u0119kszenie \u015bwiadomo\u015bci na temat zagro\u017ce\u0144 wypadkowych i profilaktyki chor\u00f3b zawodowych.<br \/>\nAby wzi\u0105\u0107 udzia\u0142 w konkursie, nale\u017cy:<br \/>\n1. zarejestrowa\u0107 si\u0119 na stronie www.bezpieczenstwo.krus.gov.pl i wype\u0142ni\u0107 formularz zg\u0142oszeniowy,<br \/>\n2. zaakceptowa\u0107 regulamin oraz klauzul\u0119 informacyjn\u0105 o przetwarzaniu danych osobowych,<br \/>\n3. rozwi\u0105za\u0107 test konkursowy \u2014 30 pyta\u0144 jednokrotnego wyboru z zakresu bezpiecze\u0144stwa pracy, ochrony zdrowia i profilaktyki chor\u00f3b zawodowych.<\/p>\n<p>Test mo\u017cna rozwi\u0105za\u0107 do 14 listopada 2025 r. do godz. 12:00. Konkurs odbywa si\u0119 w formule online i jest przeznaczony dla os\u00f3b pe\u0142noletnich podlegaj\u0105cych ubezpieczeniu spo\u0142ecznemu rolnik\u00f3w.<br \/>\nSpo\u015br\u00f3d uczestnik\u00f3w zostanie wy\u0142onionych 100 laureat\u00f3w \u2014 o przyznaniu nagr\u00f3d decyduje najwy\u017cszy wynik oraz kr\u00f3tszy czas rozwi\u0105zania testu.<\/p>\n<p>Na zwyci\u0119zc\u00f3w czekaj\u0105 cenne nagrody:<br \/>\n\u2022 myjki ci\u015bnieniowe ufundowane przez KRUS,<br \/>\n\u2022 nagrody rzeczowe od Partnera Strategicznego \u2013 AGRO Ubezpieczenia Towarzystwo Ubezpiecze\u0144 Wzajemnych,<br \/>\n\u2022 upominki od Polskiego Stowarzyszenia Ochrony Ro\u015blin.<\/p>\n<p>Konkurs organizowany jest we wsp\u00f3\u0142pracy z Narodowym Funduszem Zdrowia, AGRO Ubezpieczeniami \u2013 Towarzystwem Ubezpiecze\u0144 Wzajemnych oraz Polskim Stowarzyszeniem Ochrony Ro\u015blin. Patronat medialny nad wydarzeniem obj\u0119\u0142a TVP Info.<\/p>\n<p>Szczeg\u00f3\u0142owe zasady konkursu oraz regulamin dost\u0119pne s\u0105 na stronie www.gov.pl\/krus w zak\u0142adce Konkursy.<\/p>\n","protected":false},"excerpt":{"rendered":"<p>We\u017a udzia\u0142 w VI edycji Konkursu Testowego \u201eDobrostan Rolnika\u201d \u2014 sprawd\u017a wiedz\u0119 i zdob\u0105d\u017a atrakcyjne nagrody! Kasa Rolniczego Ubezpieczenia Spo\u0142ecznego Oddzia\u0142 Regionalny w Bia\u0142ymstoku zaprasza do udzia\u0142u w VI edycji Og\u00f3lnopolskiego Konkursu Testowego z Zakresu Bezpiecznej Pracy w Gospodarstwie Rolnym pod has\u0142em \u201eDobrostan Rolnika\u201d. Konkurs ma na celu popularyzacj\u0119 zasad ochrony zdrowia i \u017cycia w [&hellip;]<\/p>\n","protected":false},"author":10015,"featured_media":11244,"comment_status":"closed","ping_status":"open","sticky":false,"template":"","format":"standard","meta":{"_et_pb_use_builder":"","_et_pb_old_content":"","_et_gb_content_width":"","cybocfi_hide_featured_image":"","footnotes":""},"categories":[99,3554,1328],"tags":[],"class_list":["post-11243","post","type-post","status-publish","format-standard","has-post-thumbnail","hentry","category-aktualnosci","category-bezpieczenstwo","category-rolnictwo","high-contrast"],"_links":{"self":[{"href":"https:\/\/umtykocin.pl\/mieszkaniec\/wp-json\/wp\/v2\/posts\/11243","targetHints":{"allow":["GET"]}}],"collection":[{"href":"https:\/\/umtykocin.pl\/mieszkaniec\/wp-json\/wp\/v2\/posts"}],"about":[{"href":"https:\/\/umtykocin.pl\/mieszkaniec\/wp-json\/wp\/v2\/types\/post"}],"author":[{"embeddable":true,"href":"https:\/\/umtykocin.pl\/mieszkaniec\/wp-json\/wp\/v2\/users\/10015"}],"replies":[{"embeddable":true,"href":"https:\/\/umtykocin.pl\/mieszkaniec\/wp-json\/wp\/v2\/comments?post=11243"}],"version-history":[{"count":1,"href":"https:\/\/umtykocin.pl\/mieszkaniec\/wp-json\/wp\/v2\/posts\/11243\/revisions"}],"predecessor-version":[{"id":11245,"href":"https:\/\/umtykocin.pl\/mieszkaniec\/wp-json\/wp\/v2\/posts\/11243\/revisions\/11245"}],"wp:featuredmedia":[{"embeddable":true,"href":"https:\/\/umtykocin.pl\/mieszkaniec\/wp-json\/wp\/v2\/media\/11244"}],"wp:attachment":[{"href":"https:\/\/umtykocin.pl\/mieszkaniec\/wp-json\/wp\/v2\/media?parent=11243"}],"wp:term":[{"taxonomy":"category","embeddable":true,"href":"https:\/\/umtykocin.pl\/mieszkaniec\/wp-json\/wp\/v2\/categories?post=11243"},{"taxonomy":"post_tag","embeddable":true,"href":"https:\/\/umtykocin.pl\/mieszkaniec\/wp-json\/wp\/v2\/tags?post=11243"}],"curies":[{"name":"wp","href":"https:\/\/api.w.org\/{rel}","templated":true}]}}