{"id":11246,"date":"2025-10-09T09:22:16","date_gmt":"2025-10-09T07:22:16","guid":{"rendered":"https:\/\/umtykocin.pl\/mieszkaniec\/?p=11246"},"modified":"2025-10-09T09:22:16","modified_gmt":"2025-10-09T07:22:16","slug":"zaproszenie-na-87-wszechnice-biebrzanska-pt-migracje-zwierzat","status":"publish","type":"post","link":"https:\/\/umtykocin.pl\/mieszkaniec\/zaproszenie-na-87-wszechnice-biebrzanska-pt-migracje-zwierzat\/","title":{"rendered":"Zaproszenie na 87. Wszechnic\u0119 Biebrza\u0144sk\u0105 pt. \u201eMigracje Zwierz\u0105t\u201d"},"content":{"rendered":"<p>Szanowni Pa\u0144stwo, Biebrza\u0144ski Park Narodowy zaprasza na 87. Wszechnic\u0119 Biebrza\u0144sk\u0105 pt. \u201eMigracje Zwierz\u0105t\u201d. Wydarzenie odb\u0119dzie si\u0119 25 pa\u017adziernika 2025 r. (sobota) w <u>Pensjonacie Dw\u00f3r Dobarz, Dobarz 8\/9, 19-104 Dobarz gm. Trzcianne<\/u><\/p>\n<p>Program spotkania:<\/p>\n<p>10:00 \u2013 10:10 \u00a0\u00a0 \u00a0\u00a0<strong>Otwarcie spotkania<br \/>\n<\/strong>10:10 \u2013 10:50 <strong>\u00a0\u00a0\u00a0\u00a0Orlik grubodzioby &#8211; migracje i odch\u00f3w w ramach projektu LIFE22-NAT-PL <\/strong><strong>GSELIFE AboveBorders \u2013 ochrona orlika grubodziobego &#8211; <\/strong>Daniel P\u0119kalski \u2013\u00a0 Biebrza\u0144ski Park Narodowy<br \/>\n10:50 \u2013 11:50 \u00a0\u00a0\u00a0<strong>O tym, jak w\u0119drowne ptaki robi\u0105 rzeczy niemo\u017cliwe &#8211; <\/strong>Dr in\u017c. Jaros\u0142aw Nowakowski <strong><br \/>\n<\/strong>11:50 \u2013 12:10\u00a0\u00a0 \u00a0<strong>Przerwa kawowa<br \/>\n<\/strong>Wernisa\u017c wystawy obraz\u00f3w powsta\u0142ych podczas wiosennego pleneru malarskiego w BbPN<br \/>\n12:10\u2013 12:50 \u00a0\u00a0\u00a0\u00a0<strong>W\u0119dr\u00f3wki gigant\u00f3w \u2013 sezonowe migracje \u0142osi i \u017cubr\u00f3w <\/strong>Prof dr hab. Rafa\u0142 Kowalczyk \u2013 Instytut Biologii Ssak\u00f3w Polskiej Akademii Nauk w Bia\u0142owie\u017cy<br \/>\n12:50\u2013 13:10 \u00a0\u00a0\u00a0<strong>Prezentacja ksi\u0105\u017cki \u201eBorsuk \u2013 w\u0142adca ciemno\u015bci&#8221; <\/strong>Prof dr hab. Rafa\u0142 Kowalczyk<br \/>\n13:10 \u2013 13:40 \u00a0\u00a0<strong>Przerwa obiadowa<br \/>\n<\/strong>13:40 -14:30 \u00a0\u00a0\u00a0<strong>Ci odlatuj\u0105, ci zostaj\u0105<\/strong>\u00a0Tomasz K\u0142osowski \u2013 dziennikarz, fotografik, filmowiec<\/p>\n<p><strong><u>Obowi\u0105zuj\u0105 zg\u0142oszenia udzia\u0142u, kt\u00f3re nale\u017cy przesy\u0142a\u0107\u00a0 na adres mailowy: <\/u><\/strong><u><a href=\"mailto:beata.glebocka@biebrza.org.pl\"><strong>beata.glebocka@biebrza.org.pl<\/strong><\/a><\/p>\n<p><\/u><strong><u>Liczba miejsc ograniczona. Wst\u0119p bezp\u0142atny.<\/u><\/strong><\/p>\n","protected":false},"excerpt":{"rendered":"<p>Szanowni Pa\u0144stwo, Biebrza\u0144ski Park Narodowy zaprasza na 87. Wszechnic\u0119 Biebrza\u0144sk\u0105 pt. \u201eMigracje Zwierz\u0105t\u201d. Wydarzenie odb\u0119dzie si\u0119 25 pa\u017adziernika 2025 r. (sobota) w Pensjonacie Dw\u00f3r Dobarz, Dobarz 8\/9, 19-104 Dobarz gm. Trzcianne Program spotkania: 10:00 \u2013 10:10 \u00a0\u00a0 \u00a0\u00a0Otwarcie spotkania 10:10 \u2013 10:50 \u00a0\u00a0\u00a0\u00a0Orlik grubodzioby &#8211; migracje i odch\u00f3w w ramach projektu LIFE22-NAT-PL GSELIFE AboveBorders \u2013 [&hellip;]<\/p>\n","protected":false},"author":10015,"featured_media":11247,"comment_status":"closed","ping_status":"open","sticky":false,"template":"","format":"standard","meta":{"_et_pb_use_builder":"","_et_pb_old_content":"","_et_gb_content_width":"","cybocfi_hide_featured_image":"","footnotes":""},"categories":[99],"tags":[],"class_list":["post-11246","post","type-post","status-publish","format-standard","has-post-thumbnail","hentry","category-aktualnosci","high-contrast"],"_links":{"self":[{"href":"https:\/\/umtykocin.pl\/mieszkaniec\/wp-json\/wp\/v2\/posts\/11246","targetHints":{"allow":["GET"]}}],"collection":[{"href":"https:\/\/umtykocin.pl\/mieszkaniec\/wp-json\/wp\/v2\/posts"}],"about":[{"href":"https:\/\/umtykocin.pl\/mieszkaniec\/wp-json\/wp\/v2\/types\/post"}],"author":[{"embeddable":true,"href":"https:\/\/umtykocin.pl\/mieszkaniec\/wp-json\/wp\/v2\/users\/10015"}],"replies":[{"embeddable":true,"href":"https:\/\/umtykocin.pl\/mieszkaniec\/wp-json\/wp\/v2\/comments?post=11246"}],"version-history":[{"count":1,"href":"https:\/\/umtykocin.pl\/mieszkaniec\/wp-json\/wp\/v2\/posts\/11246\/revisions"}],"predecessor-version":[{"id":11248,"href":"https:\/\/umtykocin.pl\/mieszkaniec\/wp-json\/wp\/v2\/posts\/11246\/revisions\/11248"}],"wp:featuredmedia":[{"embeddable":true,"href":"https:\/\/umtykocin.pl\/mieszkaniec\/wp-json\/wp\/v2\/media\/11247"}],"wp:attachment":[{"href":"https:\/\/umtykocin.pl\/mieszkaniec\/wp-json\/wp\/v2\/media?parent=11246"}],"wp:term":[{"taxonomy":"category","embeddable":true,"href":"https:\/\/umtykocin.pl\/mieszkaniec\/wp-json\/wp\/v2\/categories?post=11246"},{"taxonomy":"post_tag","embeddable":true,"href":"https:\/\/umtykocin.pl\/mieszkaniec\/wp-json\/wp\/v2\/tags?post=11246"}],"curies":[{"name":"wp","href":"https:\/\/api.w.org\/{rel}","templated":true}]}}