{"id":11300,"date":"2025-10-23T14:37:56","date_gmt":"2025-10-23T12:37:56","guid":{"rendered":"https:\/\/umtykocin.pl\/mieszkaniec\/?p=11300"},"modified":"2025-10-23T14:37:56","modified_gmt":"2025-10-23T12:37:56","slug":"konferencji-pt-wschodni-filar-europy-pakt-odpornosci","status":"publish","type":"post","link":"https:\/\/umtykocin.pl\/mieszkaniec\/konferencji-pt-wschodni-filar-europy-pakt-odpornosci\/","title":{"rendered":"Konferencji pt. \u201eWschodni Filar Europy \u2013 Pakt Odporno\u015bci\u201d"},"content":{"rendered":"<p>Szanowni Pa\u0144stwo,<br \/>\nZamojskie Towarzystwo Rolnicze oraz Polish Women Chamber of Commerce, zaprasza do uczestnictwa w Konferencji pt. \u201eWschodni Filar Europy \u2013 Pakt<br \/>\nOdporno\u015bci\u201d. Konferencja odb\u0119dzie si\u0119 6 listopada 2025 r. w Lubelskim Centrum Konferencyjnym (ul. Artura Grottgera 2, Lublin) o godzinie 10:00\u201314:45. Mo\u017cliwy jest r\u00f3wnie\u017c udzia\u0142 w konferencji w formule online.<\/p>\n<p>\u201eWschodni Filar Europy \u2013 Pakt Odporno\u015bci\u201d to najwa\u017cniejsze w kraju spotkanie\u00a0 bezpiecze\u0144stwie gospodarczym wschodnich region\u00f3w, gdzie biznes, rolnictwo i administracja m\u00f3wi\u0105 jednym g\u0142osem. 6 listopada 2025 r. w Lublinie (LCK) poka\u017cemy, jak przemys\u0142 spo\u017cywczy, rolnictwo i logistyka staj\u0105 si\u0119 infrastruktur\u0105 bezpiecze\u0144stwa pa\u0144stwa, a inwestycje w odporne \u0142a\u0144cuchy dostaw \u2013 tarcz\u0105 dla ca\u0142ej Unii. To tu formu\u0142ujemy postulaty wsparcia projekt\u00f3w<br \/>\nkrytycznych, innowacji i inwestycji dual\u2011use dla Polski Wschodniej.<\/p>\n<p>W programie m.in. perspektywa Komisji Europejskiej, g\u0142os europos\u0142\u00f3w oraz wyst\u0105pienie Ministra Rolnictwa.<br \/>\nOrganizatorzy konferencji uprzejmie prosz\u0105 o potwierdzenie udzia\u0142u.<br \/>\nOsob\u0105 do kontaktu w sprawach organizacyjnych jest Beata Krzewi\u0144ska,<br \/>\nemail: konferencja@polishwomenchamber.pl, tel. 500 088 924, kt\u00f3ra z przyjemno\u015bci\u0105 odpowie na wszelkie pytania.<\/p>\n","protected":false},"excerpt":{"rendered":"<p>Szanowni Pa\u0144stwo, Zamojskie Towarzystwo Rolnicze oraz Polish Women Chamber of Commerce, zaprasza do uczestnictwa w Konferencji pt. \u201eWschodni Filar Europy \u2013 Pakt Odporno\u015bci\u201d. Konferencja odb\u0119dzie si\u0119 6 listopada 2025 r. w Lubelskim Centrum Konferencyjnym (ul. Artura Grottgera 2, Lublin) o godzinie 10:00\u201314:45. Mo\u017cliwy jest r\u00f3wnie\u017c udzia\u0142 w konferencji w formule online. \u201eWschodni Filar Europy \u2013 [&hellip;]<\/p>\n","protected":false},"author":10015,"featured_media":11301,"comment_status":"closed","ping_status":"open","sticky":false,"template":"","format":"standard","meta":{"_et_pb_use_builder":"","_et_pb_old_content":"","_et_gb_content_width":"","cybocfi_hide_featured_image":"","footnotes":""},"categories":[99],"tags":[],"class_list":["post-11300","post","type-post","status-publish","format-standard","has-post-thumbnail","hentry","category-aktualnosci","high-contrast"],"_links":{"self":[{"href":"https:\/\/umtykocin.pl\/mieszkaniec\/wp-json\/wp\/v2\/posts\/11300","targetHints":{"allow":["GET"]}}],"collection":[{"href":"https:\/\/umtykocin.pl\/mieszkaniec\/wp-json\/wp\/v2\/posts"}],"about":[{"href":"https:\/\/umtykocin.pl\/mieszkaniec\/wp-json\/wp\/v2\/types\/post"}],"author":[{"embeddable":true,"href":"https:\/\/umtykocin.pl\/mieszkaniec\/wp-json\/wp\/v2\/users\/10015"}],"replies":[{"embeddable":true,"href":"https:\/\/umtykocin.pl\/mieszkaniec\/wp-json\/wp\/v2\/comments?post=11300"}],"version-history":[{"count":1,"href":"https:\/\/umtykocin.pl\/mieszkaniec\/wp-json\/wp\/v2\/posts\/11300\/revisions"}],"predecessor-version":[{"id":11302,"href":"https:\/\/umtykocin.pl\/mieszkaniec\/wp-json\/wp\/v2\/posts\/11300\/revisions\/11302"}],"wp:featuredmedia":[{"embeddable":true,"href":"https:\/\/umtykocin.pl\/mieszkaniec\/wp-json\/wp\/v2\/media\/11301"}],"wp:attachment":[{"href":"https:\/\/umtykocin.pl\/mieszkaniec\/wp-json\/wp\/v2\/media?parent=11300"}],"wp:term":[{"taxonomy":"category","embeddable":true,"href":"https:\/\/umtykocin.pl\/mieszkaniec\/wp-json\/wp\/v2\/categories?post=11300"},{"taxonomy":"post_tag","embeddable":true,"href":"https:\/\/umtykocin.pl\/mieszkaniec\/wp-json\/wp\/v2\/tags?post=11300"}],"curies":[{"name":"wp","href":"https:\/\/api.w.org\/{rel}","templated":true}]}}