{"id":11320,"date":"2025-10-27T08:45:11","date_gmt":"2025-10-27T07:45:11","guid":{"rendered":"https:\/\/umtykocin.pl\/mieszkaniec\/?p=11320"},"modified":"2025-10-27T08:45:11","modified_gmt":"2025-10-27T07:45:11","slug":"gmina-tykocin-z-nowym-wsparciem-na-ochrone-ludnosci-i-obrone-cywilna","status":"publish","type":"post","link":"https:\/\/umtykocin.pl\/mieszkaniec\/gmina-tykocin-z-nowym-wsparciem-na-ochrone-ludnosci-i-obrone-cywilna\/","title":{"rendered":"Gmina Tykocin z nowym wsparciem na ochron\u0119 ludno\u015bci i obron\u0119 cywiln\u0105"},"content":{"rendered":"<p>Gmina Tykocin podpisa\u0142a umow\u0119 z <strong>Wojewod\u0105 Podlaskim<\/strong> na finansowanie zada\u0144 zwi\u0105zanych z ochron\u0105 ludno\u015bci i obron\u0105 cywiln\u0105. Ca\u0142kowita warto\u015b\u0107 zadania opiewa na kwot\u0119 <strong>437\u00a0000 z\u0142<\/strong>, w tym warto\u015b\u0107 koszt\u00f3w kwalifikowanych zadania obj\u0119ta dotacj\u0105 w kwocie <strong>419.995, 34 z\u0142.<\/strong><\/p>\n<p>Uzyskane wsparcie gmina przeznaczy na zakup kontenera na potrzeby funkcjonowania \u00a0magazynu obrony cywilnej oraz doposa\u017cenie bazy magazynowej w sprz\u0119t niezb\u0119dny do reagowania w sytuacjach kryzysowych.<\/p>\n<p>Realizacja inwestycji pozwoli na <strong>skuteczniejsze przygotowanie Gminy Tykocin do sytuacji nadzwyczajnych<\/strong>, w tym zagro\u017ce\u0144 naturalnych i kryzysowych, a tak\u017ce zwi\u0119kszy bezpiecze\u0144stwo mieszka\u0144c\u00f3w poprzez zapewnienie szybkiej dost\u0119pno\u015bci odpowiedniego sprz\u0119tu i materia\u0142\u00f3w.<\/p>\n","protected":false},"excerpt":{"rendered":"<p>Gmina Tykocin podpisa\u0142a umow\u0119 z Wojewod\u0105 Podlaskim na finansowanie zada\u0144 zwi\u0105zanych z ochron\u0105 ludno\u015bci i obron\u0105 cywiln\u0105. Ca\u0142kowita warto\u015b\u0107 zadania opiewa na kwot\u0119 437\u00a0000 z\u0142, w tym warto\u015b\u0107 koszt\u00f3w kwalifikowanych zadania obj\u0119ta dotacj\u0105 w kwocie 419.995, 34 z\u0142. Uzyskane wsparcie gmina przeznaczy na zakup kontenera na potrzeby funkcjonowania \u00a0magazynu obrony cywilnej oraz doposa\u017cenie bazy magazynowej [&hellip;]<\/p>\n","protected":false},"author":10015,"featured_media":11321,"comment_status":"closed","ping_status":"open","sticky":false,"template":"","format":"standard","meta":{"_et_pb_use_builder":"","_et_pb_old_content":"","_et_gb_content_width":"","cybocfi_hide_featured_image":"","footnotes":""},"categories":[99],"tags":[],"class_list":["post-11320","post","type-post","status-publish","format-standard","has-post-thumbnail","hentry","category-aktualnosci","high-contrast"],"_links":{"self":[{"href":"https:\/\/umtykocin.pl\/mieszkaniec\/wp-json\/wp\/v2\/posts\/11320","targetHints":{"allow":["GET"]}}],"collection":[{"href":"https:\/\/umtykocin.pl\/mieszkaniec\/wp-json\/wp\/v2\/posts"}],"about":[{"href":"https:\/\/umtykocin.pl\/mieszkaniec\/wp-json\/wp\/v2\/types\/post"}],"author":[{"embeddable":true,"href":"https:\/\/umtykocin.pl\/mieszkaniec\/wp-json\/wp\/v2\/users\/10015"}],"replies":[{"embeddable":true,"href":"https:\/\/umtykocin.pl\/mieszkaniec\/wp-json\/wp\/v2\/comments?post=11320"}],"version-history":[{"count":1,"href":"https:\/\/umtykocin.pl\/mieszkaniec\/wp-json\/wp\/v2\/posts\/11320\/revisions"}],"predecessor-version":[{"id":11322,"href":"https:\/\/umtykocin.pl\/mieszkaniec\/wp-json\/wp\/v2\/posts\/11320\/revisions\/11322"}],"wp:featuredmedia":[{"embeddable":true,"href":"https:\/\/umtykocin.pl\/mieszkaniec\/wp-json\/wp\/v2\/media\/11321"}],"wp:attachment":[{"href":"https:\/\/umtykocin.pl\/mieszkaniec\/wp-json\/wp\/v2\/media?parent=11320"}],"wp:term":[{"taxonomy":"category","embeddable":true,"href":"https:\/\/umtykocin.pl\/mieszkaniec\/wp-json\/wp\/v2\/categories?post=11320"},{"taxonomy":"post_tag","embeddable":true,"href":"https:\/\/umtykocin.pl\/mieszkaniec\/wp-json\/wp\/v2\/tags?post=11320"}],"curies":[{"name":"wp","href":"https:\/\/api.w.org\/{rel}","templated":true}]}}