{"id":11331,"date":"2025-10-30T14:10:31","date_gmt":"2025-10-30T13:10:31","guid":{"rendered":"https:\/\/umtykocin.pl\/mieszkaniec\/?p=11331"},"modified":"2025-10-30T14:10:31","modified_gmt":"2025-10-30T13:10:31","slug":"zaproszenie-do-projektu-kongresu-kobiet","status":"publish","type":"post","link":"https:\/\/umtykocin.pl\/mieszkaniec\/zaproszenie-do-projektu-kongresu-kobiet\/","title":{"rendered":"Zaproszenie do projektu Kongresu Kobiet"},"content":{"rendered":"<p style=\"text-align: justify;margin: 0cm 0cm 6.0pt 0cm\"><span style=\"font-size: 10.0pt;font-family: 'Calibri',sans-serif;color: black\">Stowarzyszenie Kongres Kobiet zaprasza osoby z organizacji pozarz\u0105dowych zaanga\u017cowanych na rzecz r\u00f3wno\u015bci kobiet i m\u0119\u017cczyzn (lub planuj\u0105cych tak\u0105 aktywno\u015b\u0107), kt\u00f3re dzia\u0142aj\u0105 w obszarze edukacji, w\u0142\u0105czenia spo\u0142ecznego, rynku pracy i zdrowia do udzia\u0142u w projekcie Kongresu Kobiet. Udzia\u0142 w projekcie jest ca\u0142kowicie bezp\u0142atny. Oferta dotyczy os\u00f3b cz\u0142onkowskich tych organizacji, wolontariuszy i wszelkich os\u00f3b wsp\u00f3\u0142pracuj\u0105cych &#8211; kobiet i m\u0119\u017cczyzn.<\/span><\/p>\n<p style=\"text-align: justify;margin: 0cm 0cm 6.0pt 0cm\"><span style=\"font-size: 10.0pt;font-family: 'Calibri',sans-serif;color: black\">Oferta w ramach projektu zak\u0142ada mo\u017cliwo\u015b\u0107 uczestnictwa w jednym lub wielu: szkoleniach stacjonarnych w kilku miastach (<\/span><a href=\"http:\/\/m.in\"><span style=\"font-size: 10.0pt;font-family: 'Calibri',sans-serif\">m.in<\/span><\/a><span style=\"font-size: 10.0pt;font-family: 'Calibri',sans-serif;color: black\">.: w Poznaniu, Wroc\u0142awiu, Katowicach, \u0141odzi, Warszawie, Gda\u0144sku, Krakowie, Bydgoszczy lub Toruniu) oraz online, jak r\u00f3wnie\u017c w spotkaniach sieciuj\u0105cych na potrzeby wymiany do\u015bwiadcze\u0144, w tematykach zwi\u0105zanych z r\u00f3wno\u015bci\u0105 p\u0142ci, rozwojem organizacji pozarz\u0105dowej, rozwojem us\u0142ug spo\u0142ecznych organizacji. Dla os\u00f3b uczestnicz\u0105cych w projekcie przewidziano r\u00f3wnie\u017c mentoring z zarz\u0105dzania r\u00f3\u017cnorodno\u015bci\u0105 \u2013 2h\/osob\u0119,<\/span><\/p>\n<p style=\"text-align: justify;margin: 0cm 0cm 12.0pt 0cm\"><span style=\"font-size: 10.0pt;font-family: 'Calibri',sans-serif;color: black\">Nab\u00f3r do projektu prowadzony jest do <b>30 listopada 2025 r.<\/b> (lub do wyczerpania miejsc). Wi\u0119cej informacji i link do formularzy zg\u0142oszeniowych: <\/span><a href=\"https:\/\/kongreskobiet.pl\/projekt-fers\/\"><span style=\"font-size: 10.0pt;font-family: 'Calibri',sans-serif;color: #0b57d0\">https:\/\/kongreskobiet.pl\/projekt-fers\/<\/span><\/a><\/p>\n","protected":false},"excerpt":{"rendered":"<p>Stowarzyszenie Kongres Kobiet zaprasza osoby z organizacji pozarz\u0105dowych zaanga\u017cowanych na rzecz r\u00f3wno\u015bci kobiet i m\u0119\u017cczyzn (lub planuj\u0105cych tak\u0105 aktywno\u015b\u0107), kt\u00f3re dzia\u0142aj\u0105 w obszarze edukacji, w\u0142\u0105czenia spo\u0142ecznego, rynku pracy i zdrowia do udzia\u0142u w projekcie Kongresu Kobiet. Udzia\u0142 w projekcie jest ca\u0142kowicie bezp\u0142atny. Oferta dotyczy os\u00f3b cz\u0142onkowskich tych organizacji, wolontariuszy i wszelkich os\u00f3b wsp\u00f3\u0142pracuj\u0105cych &#8211; kobiet [&hellip;]<\/p>\n","protected":false},"author":10015,"featured_media":11332,"comment_status":"closed","ping_status":"open","sticky":false,"template":"","format":"standard","meta":{"_et_pb_use_builder":"","_et_pb_old_content":"","_et_gb_content_width":"","cybocfi_hide_featured_image":"","footnotes":""},"categories":[99],"tags":[],"class_list":["post-11331","post","type-post","status-publish","format-standard","has-post-thumbnail","hentry","category-aktualnosci","high-contrast"],"_links":{"self":[{"href":"https:\/\/umtykocin.pl\/mieszkaniec\/wp-json\/wp\/v2\/posts\/11331","targetHints":{"allow":["GET"]}}],"collection":[{"href":"https:\/\/umtykocin.pl\/mieszkaniec\/wp-json\/wp\/v2\/posts"}],"about":[{"href":"https:\/\/umtykocin.pl\/mieszkaniec\/wp-json\/wp\/v2\/types\/post"}],"author":[{"embeddable":true,"href":"https:\/\/umtykocin.pl\/mieszkaniec\/wp-json\/wp\/v2\/users\/10015"}],"replies":[{"embeddable":true,"href":"https:\/\/umtykocin.pl\/mieszkaniec\/wp-json\/wp\/v2\/comments?post=11331"}],"version-history":[{"count":1,"href":"https:\/\/umtykocin.pl\/mieszkaniec\/wp-json\/wp\/v2\/posts\/11331\/revisions"}],"predecessor-version":[{"id":11333,"href":"https:\/\/umtykocin.pl\/mieszkaniec\/wp-json\/wp\/v2\/posts\/11331\/revisions\/11333"}],"wp:featuredmedia":[{"embeddable":true,"href":"https:\/\/umtykocin.pl\/mieszkaniec\/wp-json\/wp\/v2\/media\/11332"}],"wp:attachment":[{"href":"https:\/\/umtykocin.pl\/mieszkaniec\/wp-json\/wp\/v2\/media?parent=11331"}],"wp:term":[{"taxonomy":"category","embeddable":true,"href":"https:\/\/umtykocin.pl\/mieszkaniec\/wp-json\/wp\/v2\/categories?post=11331"},{"taxonomy":"post_tag","embeddable":true,"href":"https:\/\/umtykocin.pl\/mieszkaniec\/wp-json\/wp\/v2\/tags?post=11331"}],"curies":[{"name":"wp","href":"https:\/\/api.w.org\/{rel}","templated":true}]}}