{"id":11340,"date":"2025-11-06T12:32:31","date_gmt":"2025-11-06T11:32:31","guid":{"rendered":"https:\/\/umtykocin.pl\/mieszkaniec\/?p=11340"},"modified":"2025-11-06T12:32:31","modified_gmt":"2025-11-06T11:32:31","slug":"vi-edycja-wojewodzkiego-konkursu-kulinarnego-pn-tradycyjny-stol-wigilijny","status":"publish","type":"post","link":"https:\/\/umtykocin.pl\/mieszkaniec\/vi-edycja-wojewodzkiego-konkursu-kulinarnego-pn-tradycyjny-stol-wigilijny\/","title":{"rendered":"VI Edycja Wojew\u00f3dzkiego Konkursu Kulinarnego pn. &#8222;Tradycyjny st\u00f3\u0142 wigilijny&#8221;"},"content":{"rendered":"<p>Urz\u0105d Marsza\u0142kowski Wojew\u00f3dztwa Podlaskiego serdecznie zaprasza do wzi\u0119cia udzia\u0142u w VI edycji Wojew\u00f3dzkiego Konkursu Kulinarnego pn. &#8222;Tradycyjny st\u00f3\u0142 wigilijny&#8221;. Celem konkursu jest: identyfikacja i upowszechnianie wiedzy o regionalnych potrawach wigilijnych, kultywowanie lokalnych tradycji<br \/>\nzwi\u0105zanych ze \u015awi\u0119tami Bo\u017cego Narodzenia, promocja i prezentacja organizacji aktywnie dzia\u0142aj\u0105cych na obszarach wiejskich oraz inspirowanie do pracy zespo\u0142owej.<\/p>\n<p>Do konkursu mog\u0105 zg\u0142osi\u0107 si\u0119 Ko\u0142a Gospody\u0144 Wiejskich i Stowarzyszenia dzia\u0142aj\u0105ce na mocy ustawy z dnia 9 listopada 2018 r. o ko\u0142ach gospody\u0144 wiejskich (Dz.U. z 2025 r. poz. 310) maj\u0105ce siedzib\u0119 na terenie wojew\u00f3dztwa podlaskiego. Warunkiem udzia\u0142u w Konkursie jest przes\u0142anie na adres Organizatora w terminie do 28 listopada 2025 r. zg\u0142oszenia w formie okre\u015blonej szczeg\u00f3\u0142owo w Regulaminie Konkursu. Wojew\u00f3dzki Konkurs Kulinarny pn. \u201eTradycyjny st\u00f3\u0142 wigilijny\u201d odb\u0119dzie si\u0119 13 grudnia 2025 r. O miejscu i godzinie konkursu zg\u0142oszone ko\u0142a zostan\u0105 poinformowane wiadomo\u015bci\u0105 e- mailow\u0105.<\/p>\n<p>Osob\u0105 do kontaktu w sprawie konkursu jest Pani Katarzyna Koncewicz \u2013 pracownik Referatu Regionalnej Polityki Rolnej, tel. (85) 66-54-465, e-mail: rolnictwo@podlaskie.eu<\/p>\n<p>&nbsp;<\/p>\n<p><a href=\"http:\/\/umtykocin.pl\/mieszkaniec\/wp-content\/uploads\/sites\/4\/2025\/11\/Formularz-zgloszeniowy.pdf\">Formularz zg\u0142oszeniowy<\/a><\/p>\n<p><a href=\"http:\/\/umtykocin.pl\/mieszkaniec\/wp-content\/uploads\/sites\/4\/2025\/11\/Regulamin-konkursu-stol-wigilijny.pdf\">Regulamin konkursu st\u00f3\u0142 wigilijny<\/a><\/p>\n","protected":false},"excerpt":{"rendered":"<p>Urz\u0105d Marsza\u0142kowski Wojew\u00f3dztwa Podlaskiego serdecznie zaprasza do wzi\u0119cia udzia\u0142u w VI edycji Wojew\u00f3dzkiego Konkursu Kulinarnego pn. &#8222;Tradycyjny st\u00f3\u0142 wigilijny&#8221;. Celem konkursu jest: identyfikacja i upowszechnianie wiedzy o regionalnych potrawach wigilijnych, kultywowanie lokalnych tradycji zwi\u0105zanych ze \u015awi\u0119tami Bo\u017cego Narodzenia, promocja i prezentacja organizacji aktywnie dzia\u0142aj\u0105cych na obszarach wiejskich oraz inspirowanie do pracy zespo\u0142owej. Do konkursu mog\u0105 [&hellip;]<\/p>\n","protected":false},"author":10015,"featured_media":11011,"comment_status":"closed","ping_status":"open","sticky":false,"template":"","format":"standard","meta":{"_et_pb_use_builder":"","_et_pb_old_content":"","_et_gb_content_width":"","cybocfi_hide_featured_image":"","footnotes":""},"categories":[99,3914],"tags":[],"class_list":["post-11340","post","type-post","status-publish","format-standard","has-post-thumbnail","hentry","category-aktualnosci","category-konkurs","high-contrast"],"_links":{"self":[{"href":"https:\/\/umtykocin.pl\/mieszkaniec\/wp-json\/wp\/v2\/posts\/11340","targetHints":{"allow":["GET"]}}],"collection":[{"href":"https:\/\/umtykocin.pl\/mieszkaniec\/wp-json\/wp\/v2\/posts"}],"about":[{"href":"https:\/\/umtykocin.pl\/mieszkaniec\/wp-json\/wp\/v2\/types\/post"}],"author":[{"embeddable":true,"href":"https:\/\/umtykocin.pl\/mieszkaniec\/wp-json\/wp\/v2\/users\/10015"}],"replies":[{"embeddable":true,"href":"https:\/\/umtykocin.pl\/mieszkaniec\/wp-json\/wp\/v2\/comments?post=11340"}],"version-history":[{"count":1,"href":"https:\/\/umtykocin.pl\/mieszkaniec\/wp-json\/wp\/v2\/posts\/11340\/revisions"}],"predecessor-version":[{"id":11343,"href":"https:\/\/umtykocin.pl\/mieszkaniec\/wp-json\/wp\/v2\/posts\/11340\/revisions\/11343"}],"wp:featuredmedia":[{"embeddable":true,"href":"https:\/\/umtykocin.pl\/mieszkaniec\/wp-json\/wp\/v2\/media\/11011"}],"wp:attachment":[{"href":"https:\/\/umtykocin.pl\/mieszkaniec\/wp-json\/wp\/v2\/media?parent=11340"}],"wp:term":[{"taxonomy":"category","embeddable":true,"href":"https:\/\/umtykocin.pl\/mieszkaniec\/wp-json\/wp\/v2\/categories?post=11340"},{"taxonomy":"post_tag","embeddable":true,"href":"https:\/\/umtykocin.pl\/mieszkaniec\/wp-json\/wp\/v2\/tags?post=11340"}],"curies":[{"name":"wp","href":"https:\/\/api.w.org\/{rel}","templated":true}]}}