{"id":11374,"date":"2025-11-27T09:33:59","date_gmt":"2025-11-27T08:33:59","guid":{"rendered":"https:\/\/umtykocin.pl\/mieszkaniec\/?p=11374"},"modified":"2025-11-27T09:33:59","modified_gmt":"2025-11-27T08:33:59","slug":"informacja-o-zawarciu-umowy-z-firma-mpo-na-odbior-i-transport-odpadow-komunalnych-z-terenu-gminy-tykocin","status":"publish","type":"post","link":"https:\/\/umtykocin.pl\/mieszkaniec\/informacja-o-zawarciu-umowy-z-firma-mpo-na-odbior-i-transport-odpadow-komunalnych-z-terenu-gminy-tykocin\/","title":{"rendered":"Informacja o zawarciu umowy z firm\u0105 MPO na \u201eOdbi\u00f3r i transport odpad\u00f3w komunalnych z terenu gminy Tykocin\u201d"},"content":{"rendered":"<p><strong>INFORMACJA!<\/strong><\/p>\n<p>Szanowni Mieszka\u0144cy.<\/p>\n<p>Zgodnie z art.\u00a0 6c. ust. 3e ustawy z dnia 13 wrze\u015bnia 1996 r. o utrzymaniu czysto\u015bci i porz\u0105dku w gminach (t.j. Dz. U. z 2025 r. poz. 733) Burmistrz Tykocina informuje, \u017ce w dniu 26 listopada 2025 r.<strong> Gmina Tykocin<\/strong> podpisa\u0142a umow\u0119 z firm\u0105 <strong>MPO Sp\u00f3\u0142ka z ograniczon\u0105 odpowiedzialno\u015bci\u0105<\/strong> na<strong> \u201eOdbi\u00f3r i transport odpad\u00f3w komunalnych z terenu gminy Tykocin\u201d<\/strong> od w\u0142a\u015bcicieli nieruchomo\u015bci, na kt\u00f3rych nie zamieszkuj\u0105 mieszka\u0144cy. Niniejsza umowa obowi\u0105zywa\u0107 b\u0119dzie przez okres 24 miesi\u0119cy (<strong>jednak nie wcze\u015bniej ni\u017c <u>od dnia 01.05.2026 r<\/u><\/strong>.) \u2013 prognozowany termin trwania umowy &#8211;\u00a0 do dnia 30.04.2028 r.<\/p>\n","protected":false},"excerpt":{"rendered":"<p>INFORMACJA! Szanowni Mieszka\u0144cy. Zgodnie z art.\u00a0 6c. ust. 3e ustawy z dnia 13 wrze\u015bnia 1996 r. o utrzymaniu czysto\u015bci i porz\u0105dku w gminach (t.j. Dz. U. z 2025 r. poz. 733) Burmistrz Tykocina informuje, \u017ce w dniu 26 listopada 2025 r. Gmina Tykocin podpisa\u0142a umow\u0119 z firm\u0105 MPO Sp\u00f3\u0142ka z ograniczon\u0105 odpowiedzialno\u015bci\u0105 na \u201eOdbi\u00f3r i [&hellip;]<\/p>\n","protected":false},"author":10015,"featured_media":8825,"comment_status":"closed","ping_status":"open","sticky":false,"template":"","format":"standard","meta":{"_et_pb_use_builder":"","_et_pb_old_content":"","_et_gb_content_width":"","cybocfi_hide_featured_image":"","footnotes":""},"categories":[99,165],"tags":[],"class_list":["post-11374","post","type-post","status-publish","format-standard","has-post-thumbnail","hentry","category-aktualnosci","category-gospodarka-odpadami-komunalnymi","high-contrast"],"_links":{"self":[{"href":"https:\/\/umtykocin.pl\/mieszkaniec\/wp-json\/wp\/v2\/posts\/11374","targetHints":{"allow":["GET"]}}],"collection":[{"href":"https:\/\/umtykocin.pl\/mieszkaniec\/wp-json\/wp\/v2\/posts"}],"about":[{"href":"https:\/\/umtykocin.pl\/mieszkaniec\/wp-json\/wp\/v2\/types\/post"}],"author":[{"embeddable":true,"href":"https:\/\/umtykocin.pl\/mieszkaniec\/wp-json\/wp\/v2\/users\/10015"}],"replies":[{"embeddable":true,"href":"https:\/\/umtykocin.pl\/mieszkaniec\/wp-json\/wp\/v2\/comments?post=11374"}],"version-history":[{"count":1,"href":"https:\/\/umtykocin.pl\/mieszkaniec\/wp-json\/wp\/v2\/posts\/11374\/revisions"}],"predecessor-version":[{"id":11375,"href":"https:\/\/umtykocin.pl\/mieszkaniec\/wp-json\/wp\/v2\/posts\/11374\/revisions\/11375"}],"wp:featuredmedia":[{"embeddable":true,"href":"https:\/\/umtykocin.pl\/mieszkaniec\/wp-json\/wp\/v2\/media\/8825"}],"wp:attachment":[{"href":"https:\/\/umtykocin.pl\/mieszkaniec\/wp-json\/wp\/v2\/media?parent=11374"}],"wp:term":[{"taxonomy":"category","embeddable":true,"href":"https:\/\/umtykocin.pl\/mieszkaniec\/wp-json\/wp\/v2\/categories?post=11374"},{"taxonomy":"post_tag","embeddable":true,"href":"https:\/\/umtykocin.pl\/mieszkaniec\/wp-json\/wp\/v2\/tags?post=11374"}],"curies":[{"name":"wp","href":"https:\/\/api.w.org\/{rel}","templated":true}]}}