{"id":11391,"date":"2025-12-01T07:35:05","date_gmt":"2025-12-01T06:35:05","guid":{"rendered":"https:\/\/umtykocin.pl\/mieszkaniec\/?p=11391"},"modified":"2025-12-01T07:35:05","modified_gmt":"2025-12-01T06:35:05","slug":"ogolnopolska-akcja-wez-sie-zbadaj","status":"publish","type":"post","link":"https:\/\/umtykocin.pl\/mieszkaniec\/ogolnopolska-akcja-wez-sie-zbadaj\/","title":{"rendered":"Og\u00f3lnopolska akcja \u201eWe\u017a si\u0119 Zbadaj!\u201d"},"content":{"rendered":"<p>Oddzia\u0142 Regionalny Kasy Rolniczego Ubezpieczenia Spo\u0142ecznego w Bia\u0142ymstoku,\u00a0 wsp\u00f3lnie z Podlaskim Oddzia\u0142em Wojew\u00f3dzkim Narodowego Funduszu Zdrowia, w dniach 1\u2013 6 grudnia 2025 r. w\u0142\u0105cza si\u0119 w og\u00f3lnopolsk\u0105 akcj\u0119 \u201eWe\u017a si\u0119 Zbadaj!\u201d.<\/p>\n<p>Celem akcji jest zach\u0119cenie rolnik\u00f3w, ich rodzin oraz mieszka\u0144c\u00f3w obszar\u00f3w wiejskich do regularnego korzystania z program\u00f3w profilaktycznych oferowanych przez Narodowy Fundusz Zdrowia. W programie: szkolenia i konkursy z zakresu BHP w gospodarstwie rolnym, instrukta\u017ce samobadania piersi i j\u0105der, konsultacje psychologiczne, prezentacje program\u00f3w NFZ i MZ, a tak\u017ce mobilne jednostki medyczne \u2014 Dentobus i Mammobus.<\/p>\n<p>Harmonogram wydarze\u0144:<br \/>\n1 grudnia 2025 r. \u2013 Oddzia\u0142 Regionalny KRUS w Bia\u0142ymstoku, ul. Legionowa 18, 15-099 Bia\u0142ystok<br \/>\n\u2022 Szkolenie i konkurs z zakresu bezpiecze\u0144stwa i higieny pracy w gospodarstwie rolnym.<br \/>\n\u2022 Wyk\u0142ad psycholog Kamili Jastrz\u0119bskiej ze Szpitala Psychiatrycznego w Choroszczy na temat stresu,<br \/>\nr\u00f3wnowagi mi\u0119dzy prac\u0105 a odpoczynkiem oraz relacji spo\u0142ecznych.<br \/>\n\u2022 Prezentacja program\u00f3w profilaktycznych NFZ i MZ, materia\u0142\u00f3w edukacyjnych, portalu Diety.nfz.gov.pl oraz<br \/>\nmagazynu NFZ \u201eZe Zdrowiem\u201d.<br \/>\n\u2022 Instrukta\u017c samobadania piersi i j\u0105der.<br \/>\n1 grudnia 2025 r. \u2013 Szko\u0142a Podstawowa w Rutkach-Kossakach, ul. 11 Listopada 7A, 18-312 Rutki-Kossaki<br \/>\n\u2022 Pogadanka dotyczaca bezpiecze\u0144stwa w gospodarstwie rolnym oraz profilaktyki zdrowotnej dzieci<br \/>\ni m\u0142odzie\u017cy.<br \/>\n\u2022 Konkurs \u201eKo\u0142o Bezpiecze\u0144stwa\u201d dla dzieci i m\u0142odzie\u017cy.<br \/>\n\u2022 Dentobus.<br \/>\n4 grudnia 2025 r. \u2013 Szko\u0142a Podstawowa w P\u0142ocicznie-Tartak 16, 16-402 P\u0142ociczno-Tartak<br \/>\n\u2022 Stoisko informacyjne dla dzieci i m\u0142odzie\u017cy.<br \/>\n\u2022 Quiz dotycz\u0105cy bezpiecze\u0144stwa i higieny pracy w gospodarstwie rolnym.<br \/>\n\u2022 Dentobus.<br \/>\n6 grudnia 2025 r. \u2013 Muzeum Obojga Narod\u00f3w (Ratusz) ul. Adama Mickiewicza 45, 17-100 Bielsk Podlaski<br \/>\n\u2022 Stoisko informacyjno-prewencyjne dla rolnik\u00f3w.<br \/>\n\u2022 Szkolenie z zakresu bezpiecze\u0144stwa i higieny pracy w gospodarstwie rolnym.<br \/>\n\u2022 Wystawa odzie\u017cy roboczej.<br \/>\n\u2022 Mammobus \u2013 mo\u017cliwo\u015b\u0107 wykonania mammografii.<br \/>\nZach\u0119camy mieszka\u0144c\u00f3w teren\u00f3w wiejskich, rolnik\u00f3w oraz ich rodziny do udzia\u0142u w wydarzeniach i skorzystania z bezp\u0142atnych bada\u0144 oraz konsultacji.<\/p>\n","protected":false},"excerpt":{"rendered":"<p>Oddzia\u0142 Regionalny Kasy Rolniczego Ubezpieczenia Spo\u0142ecznego w Bia\u0142ymstoku,\u00a0 wsp\u00f3lnie z Podlaskim Oddzia\u0142em Wojew\u00f3dzkim Narodowego Funduszu Zdrowia, w dniach 1\u2013 6 grudnia 2025 r. w\u0142\u0105cza si\u0119 w og\u00f3lnopolsk\u0105 akcj\u0119 \u201eWe\u017a si\u0119 Zbadaj!\u201d. Celem akcji jest zach\u0119cenie rolnik\u00f3w, ich rodzin oraz mieszka\u0144c\u00f3w obszar\u00f3w wiejskich do regularnego korzystania z program\u00f3w profilaktycznych oferowanych przez Narodowy Fundusz Zdrowia. W programie: [&hellip;]<\/p>\n","protected":false},"author":10015,"featured_media":11392,"comment_status":"closed","ping_status":"open","sticky":false,"template":"","format":"standard","meta":{"_et_pb_use_builder":"","_et_pb_old_content":"","_et_gb_content_width":"","cybocfi_hide_featured_image":"","footnotes":""},"categories":[99],"tags":[],"class_list":["post-11391","post","type-post","status-publish","format-standard","has-post-thumbnail","hentry","category-aktualnosci","high-contrast"],"_links":{"self":[{"href":"https:\/\/umtykocin.pl\/mieszkaniec\/wp-json\/wp\/v2\/posts\/11391","targetHints":{"allow":["GET"]}}],"collection":[{"href":"https:\/\/umtykocin.pl\/mieszkaniec\/wp-json\/wp\/v2\/posts"}],"about":[{"href":"https:\/\/umtykocin.pl\/mieszkaniec\/wp-json\/wp\/v2\/types\/post"}],"author":[{"embeddable":true,"href":"https:\/\/umtykocin.pl\/mieszkaniec\/wp-json\/wp\/v2\/users\/10015"}],"replies":[{"embeddable":true,"href":"https:\/\/umtykocin.pl\/mieszkaniec\/wp-json\/wp\/v2\/comments?post=11391"}],"version-history":[{"count":1,"href":"https:\/\/umtykocin.pl\/mieszkaniec\/wp-json\/wp\/v2\/posts\/11391\/revisions"}],"predecessor-version":[{"id":11393,"href":"https:\/\/umtykocin.pl\/mieszkaniec\/wp-json\/wp\/v2\/posts\/11391\/revisions\/11393"}],"wp:featuredmedia":[{"embeddable":true,"href":"https:\/\/umtykocin.pl\/mieszkaniec\/wp-json\/wp\/v2\/media\/11392"}],"wp:attachment":[{"href":"https:\/\/umtykocin.pl\/mieszkaniec\/wp-json\/wp\/v2\/media?parent=11391"}],"wp:term":[{"taxonomy":"category","embeddable":true,"href":"https:\/\/umtykocin.pl\/mieszkaniec\/wp-json\/wp\/v2\/categories?post=11391"},{"taxonomy":"post_tag","embeddable":true,"href":"https:\/\/umtykocin.pl\/mieszkaniec\/wp-json\/wp\/v2\/tags?post=11391"}],"curies":[{"name":"wp","href":"https:\/\/api.w.org\/{rel}","templated":true}]}}