{"id":11407,"date":"2025-12-05T15:19:44","date_gmt":"2025-12-05T14:19:44","guid":{"rendered":"https:\/\/umtykocin.pl\/mieszkaniec\/?p=11407"},"modified":"2025-12-11T08:57:51","modified_gmt":"2025-12-11T07:57:51","slug":"g-l-o-s-z-e-n-i-e-w-sprawie-pre-konsultacji-spolecznych-w-trakcie-procedury-sporzadzania-planu-ogolnego-gminy-tykocin","status":"publish","type":"post","link":"https:\/\/umtykocin.pl\/mieszkaniec\/g-l-o-s-z-e-n-i-e-w-sprawie-pre-konsultacji-spolecznych-w-trakcie-procedury-sporzadzania-planu-ogolnego-gminy-tykocin\/","title":{"rendered":"OG \u0141 O S Z E N I E w sprawie pre-konsultacji spo\u0142ecznych w trakcie procedury sporz\u0105dzania planu og\u00f3lnego gminy Tykocin"},"content":{"rendered":"<p>Zawiadamiam o mo\u017cliwo\u015bci zapoznania si\u0119 z za\u0142o\u017ceniami planu og\u00f3lnego gminy Tykocin, obejmuj\u0105cego obszar gminy Tykocin.<\/p>\n<p>Projekt planu og\u00f3lnego w wersji elektronicznej b\u0119dzie dost\u0119pny od 9 grudnia 2025 r. na stronie internetowej https:\/\/bip-umtykocin.wrotapodlasia.pl\/, zak\u0142adka: Plany, programy i zamierzenia, punkt: Plan og\u00f3lny gminy Tykocin.<\/p>\n<p>Dnia 9 grudnia 2025 r. od godz. 17:00 do 18:30 w OSP w Je\u017cewie Starym pod nr 32 odb\u0119dzie spotkanie otwarte, na kt\u00f3rym zostan\u0105 om\u00f3wione g\u0142\u00f3wne za\u0142o\u017cenia projektu planu og\u00f3lnego (dla obr\u0119b\u00f3w Je\u017cewo Nowe, Je\u017cewo Stare, Broniszewo, Stelmachowo, Kapice Lipniki, Kapice Stare oraz Pajewo).<\/p>\n<p>Dnia 11 grudnia 2025 r. od godz. 19:00 do 20:30 w OSP w Siekierkach pod nr 5 odb\u0119dzie spotkanie otwarte, na kt\u00f3rym zostan\u0105 om\u00f3wione g\u0142\u00f3wne za\u0142o\u017cenia projektu planu og\u00f3lnego (dla obr\u0119b\u00f3w Popowlany, Lipniki, Dobki, Bagienki, Siekierki).<\/p>\n<p>Dnia 15 grudnia 2025 r. od godz. 19:00 do 20:30 w OSP w Rz\u0119dzianach pod nr 12 odb\u0119dzie spotkanie otwarte, na kt\u00f3rym zostan\u0105 om\u00f3wione g\u0142\u00f3wne za\u0142o\u017cenia projektu planu og\u00f3lnego (dla obr\u0119b\u00f3w Radule, Rz\u0119dziany, Sawino).<\/p>\n<p>Dnia 17 grudnia 2025 r. od godz. 19:00 do 20:30 w OSP w Piaskach pod nr 1 odb\u0119dzie spotkanie otwarte, na kt\u00f3rym zostan\u0105 om\u00f3wione g\u0142\u00f3wne za\u0142o\u017cenia projektu planu og\u00f3lnego (dla obr\u0119b\u00f3w Szafranki, Slomianka-Sempiki, \u0141azy Du\u017ce, \u0141azy Krosna, Ki\u015blaki, \u017buki, \u0141aziuki, Piaski, Tatary).<\/p>\n<p>Dnia 18 grudnia 2025 r. od godz. 19:00 do 20:30 w Sali konferencyjnej Urz\u0119du Miejskiego w Tykocinie odb\u0119dzie spotkanie otwarte, na kt\u00f3rym zostan\u0105 om\u00f3wione g\u0142\u00f3wne za\u0142o\u017cenia projektu planu og\u00f3lnego (dla obr\u0119b\u00f3w Tykocin, Nieciece, Hermany, Kiermusy, Janin, \u0141opuchowo, Le\u015bniki, Saniki, Sierki).<\/p>\n<p>Uwagi do ww. projektu planu mo\u017cna wnosi\u0107 w terminie do 22 grudnia 2025 r.<\/p>\n<p>Uwagi do projektu planu sk\u0142ada si\u0119 na formularzu, kt\u00f3rego wz\u00f3r zosta\u0142 okre\u015blony w rozporz\u0105dzeniu Ministra Rozwoju i Technologii z dnia 13 listopada 2023 r. w sprawie wzoru formularza pisma dotycz\u0105cego aktu planowania przestrzennego (Dz. U. z 2023 r. poz. 2509) w postaci:<br \/>\n\u2013 papierowej &#8211; osobi\u015bcie lub poczt\u0105 (na adres: Urz\u0119du Miejskiego w Tykocinie, ul. 11 Listopada 8, 16-080 Tykocin),<br \/>\n&#8211; drog\u0105 elektroniczn\u0105 (na adres e-mail: sekretariat@umtykocin.pl lub za pomoc\u0105 elektronicznej skrzynki podawczej ePUAP).<\/p>\n<p>Wz\u00f3r ww. formularza jest dost\u0119pny na stronie internetowej: <a href=\"https:\/\/www.gov.pl\/web\/rozwoj-technologia\/formularz-pisma-dotyczacego-aktu-planowania-przestrzennego\">https:\/\/www.gov.pl\/web\/rozwoj-technologia\/formularz-pisma-dotyczacego-aktu-planowania-przestrzennego<\/a> Sk\u0142adaj\u0105cy uwag\u0119 do projektu planu zobowi\u0105zany jest poda\u0107 swoje imi\u0119 i nazwisko wraz z adresem zamieszkania lub nazw\u0119 z adresem siedziby oraz adres poczty elektronicznej, o ile taki posiada, a tak\u017ce powinien wskaza\u0107 czy jest w\u0142a\u015bcicielem lub u\u017cytkownikiem wieczystym nieruchomo\u015bci obj\u0119tej wnioskiem.<\/p>\n<p>Z\u0142o\u017cone uwagi zostan\u0105 rozpatrzone przez Burmistrza Tykocina.<\/p>\n<p>Wnioski nie spe\u0142niaj\u0105ce powy\u017cszych warunk\u00f3w zostan\u0105 pozostawione bez rozpatrzenia.<\/p>\n<p>Poni\u017cej link do projektu planu og\u00f3lnego:<\/p>\n<p>https:\/\/bip-umtykocin.wrotapodlasia.pl\/prog_i_zam\/plan-ogolny-gminy-tykocin.html<\/p>\n<p>&nbsp;<\/p>\n","protected":false},"excerpt":{"rendered":"<p>Zawiadamiam o mo\u017cliwo\u015bci zapoznania si\u0119 z za\u0142o\u017ceniami planu og\u00f3lnego gminy Tykocin, obejmuj\u0105cego obszar gminy Tykocin. Projekt planu og\u00f3lnego w wersji elektronicznej b\u0119dzie dost\u0119pny od 9 grudnia 2025 r. na stronie internetowej https:\/\/bip-umtykocin.wrotapodlasia.pl\/, zak\u0142adka: Plany, programy i zamierzenia, punkt: Plan og\u00f3lny gminy Tykocin. Dnia 9 grudnia 2025 r. od godz. 17:00 do 18:30 w OSP w [&hellip;]<\/p>\n","protected":false},"author":10015,"featured_media":10149,"comment_status":"closed","ping_status":"open","sticky":false,"template":"","format":"standard","meta":{"_et_pb_use_builder":"","_et_pb_old_content":"","_et_gb_content_width":"","cybocfi_hide_featured_image":"","footnotes":""},"categories":[99],"tags":[],"class_list":["post-11407","post","type-post","status-publish","format-standard","has-post-thumbnail","hentry","category-aktualnosci","high-contrast"],"_links":{"self":[{"href":"https:\/\/umtykocin.pl\/mieszkaniec\/wp-json\/wp\/v2\/posts\/11407","targetHints":{"allow":["GET"]}}],"collection":[{"href":"https:\/\/umtykocin.pl\/mieszkaniec\/wp-json\/wp\/v2\/posts"}],"about":[{"href":"https:\/\/umtykocin.pl\/mieszkaniec\/wp-json\/wp\/v2\/types\/post"}],"author":[{"embeddable":true,"href":"https:\/\/umtykocin.pl\/mieszkaniec\/wp-json\/wp\/v2\/users\/10015"}],"replies":[{"embeddable":true,"href":"https:\/\/umtykocin.pl\/mieszkaniec\/wp-json\/wp\/v2\/comments?post=11407"}],"version-history":[{"count":9,"href":"https:\/\/umtykocin.pl\/mieszkaniec\/wp-json\/wp\/v2\/posts\/11407\/revisions"}],"predecessor-version":[{"id":11439,"href":"https:\/\/umtykocin.pl\/mieszkaniec\/wp-json\/wp\/v2\/posts\/11407\/revisions\/11439"}],"wp:featuredmedia":[{"embeddable":true,"href":"https:\/\/umtykocin.pl\/mieszkaniec\/wp-json\/wp\/v2\/media\/10149"}],"wp:attachment":[{"href":"https:\/\/umtykocin.pl\/mieszkaniec\/wp-json\/wp\/v2\/media?parent=11407"}],"wp:term":[{"taxonomy":"category","embeddable":true,"href":"https:\/\/umtykocin.pl\/mieszkaniec\/wp-json\/wp\/v2\/categories?post=11407"},{"taxonomy":"post_tag","embeddable":true,"href":"https:\/\/umtykocin.pl\/mieszkaniec\/wp-json\/wp\/v2\/tags?post=11407"}],"curies":[{"name":"wp","href":"https:\/\/api.w.org\/{rel}","templated":true}]}}