{"id":11427,"date":"2025-12-10T08:44:48","date_gmt":"2025-12-10T07:44:48","guid":{"rendered":"https:\/\/umtykocin.pl\/mieszkaniec\/?p=11427"},"modified":"2025-12-10T08:44:48","modified_gmt":"2025-12-10T07:44:48","slug":"informacja-o-mobilnym-punkcie-selektywnej-zbiorki-odpadow-komunalnych-mpszok","status":"publish","type":"post","link":"https:\/\/umtykocin.pl\/mieszkaniec\/informacja-o-mobilnym-punkcie-selektywnej-zbiorki-odpadow-komunalnych-mpszok\/","title":{"rendered":"Informacja o Mobilnym Punkcie Selektywnej Zbi\u00f3rki Odpad\u00f3w Komunalnych (mPSZOK)"},"content":{"rendered":"<p>Urz\u0105d Miejski w Tykocinie informuje, \u017ce na terenie Gminy Tykocin zacz\u0105\u0142 funkcjonowa\u0107 <strong>Mobilny Punkt Selektywnej Zbi\u00f3rki Odpad\u00f3w Komunalnych (mPSZOK)<\/strong>, kt\u00f3rego celem jest odbi\u00f3r poszczeg\u00f3lnych frakcji odpad\u00f3w komunalnych z miejscowo\u015bci po\u0142o\u017conych na terenie gminy.<\/p>\n<p>Szczeg\u00f3\u0142owe informacje dost\u0119pne s\u0105 pod nr. tel. (85) 686-93-23 oraz u so\u0142tys\u00f3w.<\/p>\n<p><a href=\"http:\/\/umtykocin.pl\/mieszkaniec\/wp-content\/uploads\/sites\/4\/2025\/12\/1.jpg\"><img loading=\"lazy\" decoding=\"async\" class=\"alignnone wp-image-11430 size-large\" src=\"http:\/\/umtykocin.pl\/mieszkaniec\/wp-content\/uploads\/sites\/4\/2025\/12\/1-724x1024.jpg\" alt=\"\" width=\"724\" height=\"1024\" \/><\/a><\/p>\n","protected":false},"excerpt":{"rendered":"<p>Urz\u0105d Miejski w Tykocinie informuje, \u017ce na terenie Gminy Tykocin zacz\u0105\u0142 funkcjonowa\u0107 Mobilny Punkt Selektywnej Zbi\u00f3rki Odpad\u00f3w Komunalnych (mPSZOK), kt\u00f3rego celem jest odbi\u00f3r poszczeg\u00f3lnych frakcji odpad\u00f3w komunalnych z miejscowo\u015bci po\u0142o\u017conych na terenie gminy. Szczeg\u00f3\u0142owe informacje dost\u0119pne s\u0105 pod nr. tel. (85) 686-93-23 oraz u so\u0142tys\u00f3w.<\/p>\n","protected":false},"author":10015,"featured_media":11428,"comment_status":"closed","ping_status":"open","sticky":false,"template":"","format":"standard","meta":{"_et_pb_use_builder":"","_et_pb_old_content":"","_et_gb_content_width":"","cybocfi_hide_featured_image":"","footnotes":""},"categories":[99,165],"tags":[],"class_list":["post-11427","post","type-post","status-publish","format-standard","has-post-thumbnail","hentry","category-aktualnosci","category-gospodarka-odpadami-komunalnymi","high-contrast"],"_links":{"self":[{"href":"https:\/\/umtykocin.pl\/mieszkaniec\/wp-json\/wp\/v2\/posts\/11427","targetHints":{"allow":["GET"]}}],"collection":[{"href":"https:\/\/umtykocin.pl\/mieszkaniec\/wp-json\/wp\/v2\/posts"}],"about":[{"href":"https:\/\/umtykocin.pl\/mieszkaniec\/wp-json\/wp\/v2\/types\/post"}],"author":[{"embeddable":true,"href":"https:\/\/umtykocin.pl\/mieszkaniec\/wp-json\/wp\/v2\/users\/10015"}],"replies":[{"embeddable":true,"href":"https:\/\/umtykocin.pl\/mieszkaniec\/wp-json\/wp\/v2\/comments?post=11427"}],"version-history":[{"count":1,"href":"https:\/\/umtykocin.pl\/mieszkaniec\/wp-json\/wp\/v2\/posts\/11427\/revisions"}],"predecessor-version":[{"id":11432,"href":"https:\/\/umtykocin.pl\/mieszkaniec\/wp-json\/wp\/v2\/posts\/11427\/revisions\/11432"}],"wp:featuredmedia":[{"embeddable":true,"href":"https:\/\/umtykocin.pl\/mieszkaniec\/wp-json\/wp\/v2\/media\/11428"}],"wp:attachment":[{"href":"https:\/\/umtykocin.pl\/mieszkaniec\/wp-json\/wp\/v2\/media?parent=11427"}],"wp:term":[{"taxonomy":"category","embeddable":true,"href":"https:\/\/umtykocin.pl\/mieszkaniec\/wp-json\/wp\/v2\/categories?post=11427"},{"taxonomy":"post_tag","embeddable":true,"href":"https:\/\/umtykocin.pl\/mieszkaniec\/wp-json\/wp\/v2\/tags?post=11427"}],"curies":[{"name":"wp","href":"https:\/\/api.w.org\/{rel}","templated":true}]}}