{"id":11441,"date":"2025-12-12T14:33:18","date_gmt":"2025-12-12T13:33:18","guid":{"rendered":"https:\/\/umtykocin.pl\/mieszkaniec\/?p=11441"},"modified":"2025-12-15T07:56:28","modified_gmt":"2025-12-15T06:56:28","slug":"dofinansowanie-w-ramach-programu-ochrony-ludnosci-i-obrony-cywilnej-olioc","status":"publish","type":"post","link":"https:\/\/umtykocin.pl\/mieszkaniec\/dofinansowanie-w-ramach-programu-ochrony-ludnosci-i-obrony-cywilnej-olioc\/","title":{"rendered":"Dofinansowanie w ramach Programu Ochrony Ludno\u015bci i Obrony Cywilnej (OLiOC)"},"content":{"rendered":"<p><strong>Gmina Tykocin z nowym wsparciem na ochron\u0119 ludno\u015bci i obron\u0119 cywiln\u0105.<\/strong><\/p>\n<p>Zadanie dofinansowano ze \u015brodk\u00f3w bud\u017cetu pa\u0144stwa w ramach Programu Ochrony Ludno\u015bci i Obrony Cywilnej (OLiOC) na lata 2025-2026. Ca\u0142kowita warto\u015b\u0107 zadania zosta\u0142a okre\u015blona w wysoko\u015bci <strong>419 995,34 z\u0142<\/strong>, w tym warto\u015b\u0107 koszt\u00f3w kwalifikowalnych zadania obj\u0119tych dotacj\u0105 z bud\u017cetu pa\u0144stwa w kwocie <strong>419 995,34 z\u0142<\/strong><\/p>\n<p>Zrealizowane zostan\u0105 zadanie pod nazw\u0105:<\/p>\n<ol>\n<li>Zakup infrastruktury i sprz\u0119tu niezb\u0119dnego do realizacji zada\u0144 Ochrony Ludno\u015bci i Obrony.<\/li>\n<li>Uzupe\u0142nienie zasob\u00f3w Gminy Tykocin w sprz\u0119t niezb\u0119dny do realizacji zada\u0144 w zakresie Ochrony Ludno\u015bci i Obrony Cywilnej.<\/li>\n<\/ol>\n<p>Realizacja inwestycji pozwoli na <strong>skuteczniejsze przygotowanie Gminy Tykocin do sytuacji nadzwyczajnych<\/strong>, w tym zagro\u017ce\u0144 naturalnych i kryzysowych, a tak\u017ce zwi\u0119kszy bezpiecze\u0144stwo mieszka\u0144c\u00f3w poprzez zapewnienie szybkiej dost\u0119pno\u015bci odpowiedniego sprz\u0119tu i materia\u0142\u00f3w.<\/p>\n","protected":false},"excerpt":{"rendered":"<p>Gmina Tykocin z nowym wsparciem na ochron\u0119 ludno\u015bci i obron\u0119 cywiln\u0105. Zadanie dofinansowano ze \u015brodk\u00f3w bud\u017cetu pa\u0144stwa w ramach Programu Ochrony Ludno\u015bci i Obrony Cywilnej (OLiOC) na lata 2025-2026. Ca\u0142kowita warto\u015b\u0107 zadania zosta\u0142a okre\u015blona w wysoko\u015bci 419 995,34 z\u0142, w tym warto\u015b\u0107 koszt\u00f3w kwalifikowalnych zadania obj\u0119tych dotacj\u0105 z bud\u017cetu pa\u0144stwa w kwocie 419 995,34 z\u0142 [&hellip;]<\/p>\n","protected":false},"author":10015,"featured_media":11442,"comment_status":"closed","ping_status":"open","sticky":false,"template":"","format":"standard","meta":{"_et_pb_use_builder":"","_et_pb_old_content":"","_et_gb_content_width":"","cybocfi_hide_featured_image":"","footnotes":""},"categories":[99,3554],"tags":[],"class_list":["post-11441","post","type-post","status-publish","format-standard","has-post-thumbnail","hentry","category-aktualnosci","category-bezpieczenstwo","high-contrast"],"_links":{"self":[{"href":"https:\/\/umtykocin.pl\/mieszkaniec\/wp-json\/wp\/v2\/posts\/11441","targetHints":{"allow":["GET"]}}],"collection":[{"href":"https:\/\/umtykocin.pl\/mieszkaniec\/wp-json\/wp\/v2\/posts"}],"about":[{"href":"https:\/\/umtykocin.pl\/mieszkaniec\/wp-json\/wp\/v2\/types\/post"}],"author":[{"embeddable":true,"href":"https:\/\/umtykocin.pl\/mieszkaniec\/wp-json\/wp\/v2\/users\/10015"}],"replies":[{"embeddable":true,"href":"https:\/\/umtykocin.pl\/mieszkaniec\/wp-json\/wp\/v2\/comments?post=11441"}],"version-history":[{"count":2,"href":"https:\/\/umtykocin.pl\/mieszkaniec\/wp-json\/wp\/v2\/posts\/11441\/revisions"}],"predecessor-version":[{"id":11444,"href":"https:\/\/umtykocin.pl\/mieszkaniec\/wp-json\/wp\/v2\/posts\/11441\/revisions\/11444"}],"wp:featuredmedia":[{"embeddable":true,"href":"https:\/\/umtykocin.pl\/mieszkaniec\/wp-json\/wp\/v2\/media\/11442"}],"wp:attachment":[{"href":"https:\/\/umtykocin.pl\/mieszkaniec\/wp-json\/wp\/v2\/media?parent=11441"}],"wp:term":[{"taxonomy":"category","embeddable":true,"href":"https:\/\/umtykocin.pl\/mieszkaniec\/wp-json\/wp\/v2\/categories?post=11441"},{"taxonomy":"post_tag","embeddable":true,"href":"https:\/\/umtykocin.pl\/mieszkaniec\/wp-json\/wp\/v2\/tags?post=11441"}],"curies":[{"name":"wp","href":"https:\/\/api.w.org\/{rel}","templated":true}]}}