{"id":11459,"date":"2025-12-30T08:23:00","date_gmt":"2025-12-30T07:23:00","guid":{"rendered":"https:\/\/umtykocin.pl\/mieszkaniec\/?p=11459"},"modified":"2025-12-30T08:23:00","modified_gmt":"2025-12-30T07:23:00","slug":"zmiana-wysokosci-stawki-oplaty-za-gospodarowanie-odpadami-komunalnymi","status":"publish","type":"post","link":"https:\/\/umtykocin.pl\/mieszkaniec\/zmiana-wysokosci-stawki-oplaty-za-gospodarowanie-odpadami-komunalnymi\/","title":{"rendered":"Zmiana wysoko\u015bci stawki op\u0142aty za gospodarowanie odpadami komunalnymi"},"content":{"rendered":"<p style=\"text-align: center\"><strong>Zmiana wysoko\u015bci stawki op\u0142aty za gospodarowanie odpadami komunalnymi<\/strong><\/p>\n<p style=\"text-align: center\"><strong>od 1 stycznia 2026 r.<\/strong><\/p>\n<p><u>Szanowni Mieszka\u0144cy!<\/u><\/p>\n<p>Burmistrz Tykocina zawiadamia, \u017ce w dniu 26 listopada 2025 r. Rada Miejska w Tykocinie podj\u0119\u0142a uchwa\u0142\u0119 nr XXIII\/164\/2025 <em>w sprawie <\/em><em>wyboru metody ustalenia op\u0142aty za gospodarowanie odpadami komunalnymi oraz stawki tej op\u0142aty dla nieruchomo\u015bci zamieszka\u0142ych<\/em> oraz uchwa\u0142\u0119 nr XXIII\/165\/2025 \u00a0\u00a0<em>w sprawie wyboru metody ustalenia op\u0142aty za gospodarowanie odpadami komunalnymi oraz stawki op\u0142aty za pojemnik dla nieruchomo\u015bci niezamieszka\u0142ych\/mieszanych (wykorzystywanych na cele wypoczynkowe).<\/em><\/p>\n<p><strong>Zgodnie z wy\u017cej przywo\u0142anymi uchwa\u0142ami od 1 stycznia 2026 r. miesi\u0119czne stawki op\u0142aty za gospodarowanie odpadami komunalnymi wynosz\u0105:<\/strong><\/p>\n<ul>\n<li><strong>dla nieruchomo\u015bci, na kt\u00f3rych zamieszkuj\u0105 mieszka\u0144cy:<\/strong><\/li>\n<\/ul>\n<ol>\n<li><strong>31,00 z\u0142 <\/strong>od jednego mieszka\u0144ca zamieszkuj\u0105cego dan\u0105 nieruchomo\u015b\u0107 &#8211; stawka podstawowa;<\/li>\n<li><strong>62,00 z\u0142 <\/strong>od ka\u017cdego mieszka\u0144ca zamieszkuj\u0105cego dan\u0105 nieruchomo\u015b\u0107 &#8211; op\u0142ata podwy\u017cszona w przypadku niewype\u0142nienia obowi\u0105zku selektywnego zabierania odpad\u00f3w;<\/li>\n<li><strong>zwalnia si\u0119 z cz\u0119\u015bci <\/strong>z op\u0142aty za gospodarowanie odpadami komunalnymi w\u0142a\u015bcicieli nieruchomo\u015bci zabudowanych budynkami mieszkalnymi <strong>jednorodzinnymi<\/strong>, kt\u00f3rzy kompostuj\u0105 bioodpady stanowi\u0105ce odpady komunalne w kompostowniku przydomowym w wysoko\u015bci <strong>1,00 z\u0142<\/strong> miesi\u0119cznie za ka\u017cdego mieszka\u0144ca zamieszkuj\u0105cego dan\u0105 nieruchomo\u015b\u0107.<\/li>\n<\/ol>\n<p>Mieszka\u0144cy, kt\u00f3rzy do tej pory nie korzystali z ulgi, a chc\u0105 z niej skorzysta\u0107 maj\u0105 obowi\u0105zek z\u0142o\u017cenia nowej deklaracji. <strong>Przypominamy, i\u017c w przypadku skorzystania z ulgi zwi\u0105zanej z kompostownikiem bioodpad\u00f3w (tj. odpad\u00f3w kuchennych i ogrodowych) w\u0142a\u015bciciel nieruchomo\u015bci zapewnia zagospodarowanie w przydomowym kompostowniku ca\u0142ego strumienia odpad\u00f3w.<\/strong><\/p>\n<p>Od 1 stycznia 2026 r. zmieni\u0105 si\u0119 r\u00f3wnie\u017c stawki op\u0142aty za pojemniki, kt\u00f3re dotycz\u0105 nieruchomo\u015bci niezamieszka\u0142ych\/mieszanych (wykorzystywanych na cele wypoczynkowe).<\/p>\n<ul>\n<li>Za pojemniki o pojemno\u015bci:<\/li>\n<\/ul>\n<ol>\n<li>a) o pojemno\u015bci 120 l &#8211; w wysoko\u015bci 27,00 z\u0142,<\/li>\n<li>b) o pojemno\u015bci 240 l &#8211; w wysoko\u015bci 54,00 z\u0142,<\/li>\n<li>c) o pojemno\u015bci 1100 l &#8211; w wysoko\u015bci 250,00 z\u0142,<\/li>\n<li>d) o pojemno\u015bci 5 m\u00b3- w wysoko\u015bci 1120,00 z\u0142,<\/li>\n<li>e) o pojemno\u015bci 7 m\u00b3- w wysoko\u015bci 1570,00 z\u0142;<\/li>\n<\/ol>\n<p style=\"text-align: left\"><strong><u>WA\u017bNE:<\/u><\/strong><\/p>\n<p>Zgodnie z tre\u015bci\u0105 ustawy z dnia 13 wrze\u015bnia 1996 r. o utrzymaniu czysto\u015bci i porz\u0105dku w gminach (t.j. Dz. U. z 2025 r. poz. 733) oraz aktami prawa miejscowego od dnia <strong>1 stycznia 2019 r. ka\u017cdy mieszkaniec jest zobowi\u0105zany do selektywnego zbierania odpad\u00f3w komunalnych<\/strong>.<\/p>\n<p>W przypadku nie wype\u0142nia obowi\u0105zku zbierania odpad\u00f3w komunalnych w spos\u00f3b selektywny stawka op\u0142aty za jednorazowy wyw\u00f3z za pojemnik o okre\u015blonej pojemno\u015bci wynosi:<\/p>\n<ol>\n<li>a) o pojemno\u015bci 120 l &#8211; w wysoko\u015bci 54,00 z\u0142,<\/li>\n<li>b) o pojemno\u015bci 240 l &#8211; w wysoko\u015bci 108,00 z\u0142,<\/li>\n<li>c) o pojemno\u015bci 1100 l &#8211; w wysoko\u015bci 500,00 z\u0142,<\/li>\n<li>d) o pojemno\u015bci 5 m3- w wysoko\u015bci 2240,00 z\u0142,<\/li>\n<li>e) o pojemno\u015bci 7 m3- w wysoko\u015bci 3140,00 z\u0142;<\/li>\n<\/ol>\n<p>W przypadku nieruchomo\u015bci, na kt\u00f3rej znajduje si\u0119 <strong>domek letniskowy<\/strong>, lub <strong>innej nieruchomo\u015bci wykorzystywanej na cele rekreacyjno-wypoczynkowe<\/strong>, ustala si\u0119 rycza\u0142tow\u0105 stawk\u0119 op\u0142aty za gospodarowanie odpadami komunalnymi, za rok od nieruchomo\u015bci, na kt\u00f3rej znajduje si\u0119 domek letniskowy, lub od innej nieruchomo\u015bci wykorzystywanej na cele rekreacyjno-wypoczynkowe, w wysoko\u015bci:<\/p>\n<p>1) w przypadku, je\u015bli odpady gromadzone s\u0105 w spos\u00f3b selektywny \u2013<strong> 215,00 z\u0142<\/strong><\/p>\n<p>2) w przypadku, je\u015bli odpady gromadzone nie s\u0105 w spos\u00f3b selektywny \u2013<strong> 430,00 z\u0142.<\/strong><\/p>\n<p><strong>Zmienione stawki op\u0142aty nie wi\u0105\u017c\u0105 si\u0119 z konieczno\u015bci\u0105 sk\u0142adania nowej deklaracji <\/strong>i obowi\u0105zuj\u0105 do czasu wyst\u0105pienia zmiany danych maj\u0105cych wp\u0142yw na wysoko\u015b\u0107 op\u0142aty za gospodarowanie odpadami komunalnymi okre\u015blonej w deklaracji (np. zmiana liczby os\u00f3b zamieszkuj\u0105cych dan\u0105 nieruchomo\u015b\u0107 zwi\u0105zan\u0105 z narodzinami, zgonem, zmian\u0105 miejsca zamieszkania).<\/p>\n<p>Wszelkie zmiany <strong>nale\u017cy zg\u0142asza\u0107<\/strong> w terminie <strong>do 10 dnia miesi\u0105ca<\/strong> nast\u0119puj\u0105cego po miesi\u0105cu, w kt\u00f3rym nast\u0105pi\u0142a zmiana;<\/p>\n<ul>\n<li>w formie papierowej, opatrzonej w\u0142asnor\u0119cznym podpisem, poczt\u0105 lub osobi\u015bcie w Urz\u0119dzie Miejskim w Tykocinie ul. 11 Listopada 8 ( Referat Komunalny- pok\u00f3j nr 12);<\/li>\n<li>w formie elektronicznej, opatrzonej kwalifikowanym podpisem elektronicznym, podpisem zaufanym lub podpisem osobistym, na adres dor\u0119cze\u0144 elektronicznych: \/UM_Tykocin\/SkrytkaESP lub za po\u015brednictwem skrzynki e-Dor\u0119czenia.<\/li>\n<\/ul>\n<p>Jednocze\u015bnie informujemy, \u017ce <strong>w przypadku uzasadnionych w\u0105tpliwo\u015bci, co do prawid\u0142owo\u015bci danych zawartych w deklaracji Urz\u0105d wezwie w\u0142a\u015bciciela nieruchomo\u015bci do udzielenia wyja\u015bnie\u0144 w powy\u017cszym zakresie oraz do z\u0142o\u017cenia nowej deklaracji<\/strong> o wysoko\u015bci op\u0142aty za gospodarowanie odpadami komunalnymi, wykazuj\u0105cej stan faktyczny, zgodny z rzeczywisto\u015bci\u0105. <strong>Niewype\u0142nienie tego obowi\u0105zku skutkowa\u0107 b\u0119dzie wydaniem decyzji administracyjnej okre\u015blaj\u0105cej wysoko\u015b\u0107 zaleg\u0142o\u015bci i odsetek.<\/strong><\/p>\n<p>Do w\u0142a\u015bcicieli nieruchomo\u015bci zostan\u0105 wys\u0142ane zawiadomienia o wysoko\u015bci op\u0142aty za gospodarowanie odpadami komunalnymi wyliczone na podstawie danych wskazanych w dotychczas z\u0142o\u017conych deklaracjach oraz nowej stawce op\u0142aty. Zawiadomienia zostan\u0105 dor\u0119czone przed up\u0142ywem terminu p\u0142atno\u015bci za I kwarta\u0142 2026 r. tj. do 15 marca 2026 r.<\/p>\n<p>W\u0142a\u015bciciele nieruchomo\u015bci uiszczaj\u0105 op\u0142at\u0119 za gospodarowanie odpadami komunalnymi w wysoko\u015bci podanej w zawiadomieniu. Op\u0142at\u0119 za gospodarowanie odpadami komunalnymi nale\u017cy uiszcza\u0107 bez wezwania na <strong>indywidualny numer rachunku bankowego<\/strong>.<\/p>\n<p>Przypominamy r\u00f3wnie\u017c, \u017ce selektywnie zebrane odpady komunalne powinny by\u0107 gromadzone w pojemnikach i workach odpowiedniego koloru.<\/p>\n<p>W przypadku pyta\u0144 i w\u0105tpliwo\u015bci prosimy o kontakt osobisty w Urz\u0119dzie Miejskim w Tykocinie, ul. 11 Listopada 8, 16-080 Tykocin, mailowo: <a href=\"mailto:sekretariat@umtykocin.pl\">sekretariat@umtykocin.pl<\/a> lub telefonicznie:<\/p>\n<ul>\n<li>(85) 686 93 23\u00a0 w sprawach dotycz\u0105cych deklaracji;<\/li>\n<li>(85) 686 93 17 w sprawach dotycz\u0105cych wysoko\u015bci zaleg\u0142o\u015bci i ksi\u0119gowa\u0144 wp\u0142at.<\/li>\n<\/ul>\n<p>&nbsp;<\/p>\n<p>&nbsp;<\/p>\n<p>&nbsp;<\/p>\n","protected":false},"excerpt":{"rendered":"<p>Zmiana wysoko\u015bci stawki op\u0142aty za gospodarowanie odpadami komunalnymi od 1 stycznia 2026 r. Szanowni Mieszka\u0144cy! Burmistrz Tykocina zawiadamia, \u017ce w dniu 26 listopada 2025 r. Rada Miejska w Tykocinie podj\u0119\u0142a uchwa\u0142\u0119 nr XXIII\/164\/2025 w sprawie wyboru metody ustalenia op\u0142aty za gospodarowanie odpadami komunalnymi oraz stawki tej op\u0142aty dla nieruchomo\u015bci zamieszka\u0142ych oraz uchwa\u0142\u0119 nr XXIII\/165\/2025 \u00a0\u00a0w [&hellip;]<\/p>\n","protected":false},"author":10015,"featured_media":8825,"comment_status":"closed","ping_status":"open","sticky":false,"template":"","format":"standard","meta":{"_et_pb_use_builder":"","_et_pb_old_content":"","_et_gb_content_width":"","cybocfi_hide_featured_image":"","footnotes":""},"categories":[99,165],"tags":[],"class_list":["post-11459","post","type-post","status-publish","format-standard","has-post-thumbnail","hentry","category-aktualnosci","category-gospodarka-odpadami-komunalnymi","high-contrast"],"_links":{"self":[{"href":"https:\/\/umtykocin.pl\/mieszkaniec\/wp-json\/wp\/v2\/posts\/11459","targetHints":{"allow":["GET"]}}],"collection":[{"href":"https:\/\/umtykocin.pl\/mieszkaniec\/wp-json\/wp\/v2\/posts"}],"about":[{"href":"https:\/\/umtykocin.pl\/mieszkaniec\/wp-json\/wp\/v2\/types\/post"}],"author":[{"embeddable":true,"href":"https:\/\/umtykocin.pl\/mieszkaniec\/wp-json\/wp\/v2\/users\/10015"}],"replies":[{"embeddable":true,"href":"https:\/\/umtykocin.pl\/mieszkaniec\/wp-json\/wp\/v2\/comments?post=11459"}],"version-history":[{"count":1,"href":"https:\/\/umtykocin.pl\/mieszkaniec\/wp-json\/wp\/v2\/posts\/11459\/revisions"}],"predecessor-version":[{"id":11460,"href":"https:\/\/umtykocin.pl\/mieszkaniec\/wp-json\/wp\/v2\/posts\/11459\/revisions\/11460"}],"wp:featuredmedia":[{"embeddable":true,"href":"https:\/\/umtykocin.pl\/mieszkaniec\/wp-json\/wp\/v2\/media\/8825"}],"wp:attachment":[{"href":"https:\/\/umtykocin.pl\/mieszkaniec\/wp-json\/wp\/v2\/media?parent=11459"}],"wp:term":[{"taxonomy":"category","embeddable":true,"href":"https:\/\/umtykocin.pl\/mieszkaniec\/wp-json\/wp\/v2\/categories?post=11459"},{"taxonomy":"post_tag","embeddable":true,"href":"https:\/\/umtykocin.pl\/mieszkaniec\/wp-json\/wp\/v2\/tags?post=11459"}],"curies":[{"name":"wp","href":"https:\/\/api.w.org\/{rel}","templated":true}]}}