{"id":11535,"date":"2026-01-02T09:55:31","date_gmt":"2026-01-02T08:55:31","guid":{"rendered":"https:\/\/umtykocin.pl\/mieszkaniec\/?p=11535"},"modified":"2026-01-02T09:55:31","modified_gmt":"2026-01-02T08:55:31","slug":"informacja-o-odlowionym-psie-w-gminie-krypno","status":"publish","type":"post","link":"https:\/\/umtykocin.pl\/mieszkaniec\/informacja-o-odlowionym-psie-w-gminie-krypno\/","title":{"rendered":"Informacja o od\u0142owionym psie w Gminie Krypno"},"content":{"rendered":"<p>Urz\u0105d Gminy Krypno zwraca si\u0119 z uprzejm\u0105 pro\u015bb\u0105 o pomoc w odnalezieniu w\u0142a\u015bciciela psa od\u0142owionego przez gmin\u0119 Krypno.<\/p>\n<p>Pies jest w typie amstaff\/pitbull. Zadbany, posiada obro\u017c\u0119, na kt\u00f3rej wybity jest numer.<\/p>\n<p>Post dost\u0119pny pod linkiem: <a href=\"https:\/\/www.facebook.com\/share\/p\/14REDZMExCd\/\">https:\/\/www.facebook.com\/share\/p\/14REDZMExCd\/<\/a><\/p>\n<p>Wi\u0119cej informacji:\u00a0 Katarzyna Czerepowicz &#8211; Urz\u0105d Gminy Krypno &#8211; Tel. (85) 716 90 42<\/p>\n","protected":false},"excerpt":{"rendered":"<p>Urz\u0105d Gminy Krypno zwraca si\u0119 z uprzejm\u0105 pro\u015bb\u0105 o pomoc w odnalezieniu w\u0142a\u015bciciela psa od\u0142owionego przez gmin\u0119 Krypno. Pies jest w typie amstaff\/pitbull. Zadbany, posiada obro\u017c\u0119, na kt\u00f3rej wybity jest numer. Post dost\u0119pny pod linkiem: https:\/\/www.facebook.com\/share\/p\/14REDZMExCd\/ Wi\u0119cej informacji:\u00a0 Katarzyna Czerepowicz &#8211; Urz\u0105d Gminy Krypno &#8211; Tel. (85) 716 90 42<\/p>\n","protected":false},"author":10015,"featured_media":11536,"comment_status":"closed","ping_status":"open","sticky":false,"template":"","format":"standard","meta":{"_et_pb_use_builder":"","_et_pb_old_content":"","_et_gb_content_width":"","cybocfi_hide_featured_image":"","footnotes":""},"categories":[99],"tags":[],"class_list":["post-11535","post","type-post","status-publish","format-standard","has-post-thumbnail","hentry","category-aktualnosci","high-contrast"],"_links":{"self":[{"href":"https:\/\/umtykocin.pl\/mieszkaniec\/wp-json\/wp\/v2\/posts\/11535","targetHints":{"allow":["GET"]}}],"collection":[{"href":"https:\/\/umtykocin.pl\/mieszkaniec\/wp-json\/wp\/v2\/posts"}],"about":[{"href":"https:\/\/umtykocin.pl\/mieszkaniec\/wp-json\/wp\/v2\/types\/post"}],"author":[{"embeddable":true,"href":"https:\/\/umtykocin.pl\/mieszkaniec\/wp-json\/wp\/v2\/users\/10015"}],"replies":[{"embeddable":true,"href":"https:\/\/umtykocin.pl\/mieszkaniec\/wp-json\/wp\/v2\/comments?post=11535"}],"version-history":[{"count":1,"href":"https:\/\/umtykocin.pl\/mieszkaniec\/wp-json\/wp\/v2\/posts\/11535\/revisions"}],"predecessor-version":[{"id":11537,"href":"https:\/\/umtykocin.pl\/mieszkaniec\/wp-json\/wp\/v2\/posts\/11535\/revisions\/11537"}],"wp:featuredmedia":[{"embeddable":true,"href":"https:\/\/umtykocin.pl\/mieszkaniec\/wp-json\/wp\/v2\/media\/11536"}],"wp:attachment":[{"href":"https:\/\/umtykocin.pl\/mieszkaniec\/wp-json\/wp\/v2\/media?parent=11535"}],"wp:term":[{"taxonomy":"category","embeddable":true,"href":"https:\/\/umtykocin.pl\/mieszkaniec\/wp-json\/wp\/v2\/categories?post=11535"},{"taxonomy":"post_tag","embeddable":true,"href":"https:\/\/umtykocin.pl\/mieszkaniec\/wp-json\/wp\/v2\/tags?post=11535"}],"curies":[{"name":"wp","href":"https:\/\/api.w.org\/{rel}","templated":true}]}}