{"id":11538,"date":"2026-01-02T10:43:59","date_gmt":"2026-01-02T09:43:59","guid":{"rendered":"https:\/\/umtykocin.pl\/mieszkaniec\/?p=11538"},"modified":"2026-01-02T10:43:59","modified_gmt":"2026-01-02T09:43:59","slug":"punkt-nieodplatnej-pomocy-prawnej-i-dwa-punkty-nieodplatnego-poradnictwa-obywatelskiego","status":"publish","type":"post","link":"https:\/\/umtykocin.pl\/mieszkaniec\/punkt-nieodplatnej-pomocy-prawnej-i-dwa-punkty-nieodplatnego-poradnictwa-obywatelskiego\/","title":{"rendered":"PUNKT NIEODP\u0141ATNEJ POMOCY PRAWNEJ  I DWA PUNKTY NIEODP\u0141ATNEGO PORADNICTWA OBYWATELSKIEGO\u00a0"},"content":{"rendered":"<p style=\"text-align: center\"><strong>PUNKT NIEODP\u0141ATNEJ POMOCY PRAWNEJ<\/strong><\/p>\n<p style=\"text-align: center\"><strong>I DWA PUNKTY NIEODP\u0141ATNEGO PORADNICTWA OBYWATELSKIEGO\u00a0<\/strong><\/p>\n<p>Z przyjemno\u015bci\u0105 informujemy, \u017ce na terenie Powiatu Bia\u0142ostockiego dzia\u0142aj\u0105 trzy punkty \u2013 punkt nieodp\u0142atnej pomocy prawnej oraz dwa punkty nieodp\u0142atnego poradnictwa obywatelskiego , kt\u00f3re funkcjonuj\u0105 wed\u0142ug harmonogram\u00f3w jak ni\u017cej:<\/p>\n<p><strong>Punkt nieodp\u0142atnej pomocy prawnej:<\/strong><\/p>\n<ul>\n<li><strong>Dobrzyniewo Du\u017ce:\u00a0<\/strong>w budynku Urz\u0119du Gminy w Dobrzyniewie Du\u017cym, ul. Bia\u0142ostocka 25\u00a0 \u00a0 \u00a0 \u00a0 \u00a0 \u00a0 \u00a0 \u00a0 \u00a0 \u00a0 \u00a0 \u00a0 \u00a0 \u00a0 \u00a0 \u00a0 \u00a0 \u00a0 \u00a0 \u00a0 \u00a0 \u00a0 \u00a0 \u00a0 \u00a0 \u00a0 \u00a0 \u00a0 \u00a0 \u00a0 \u00a0 \u00a0 \u00a0 \u00a0 \u00a0 \u00a0 \u00a0 \u00a0 \u00a0 \u00a0 (poniedzia\u0142ek 9:00 \u2013 13:00)<\/li>\n<li><strong>Supra\u015bl:\u00a0<\/strong>w budynku MOPS w Supra\u015blu, przy ul. Pi\u0142sudskiego 17<br \/>\n(wtorek 11:00 \u2013 15:00, czwartek 10:00 \u2013 14:00)<\/li>\n<li><strong>Micha\u0142owo<\/strong>: w budynku Wodoci\u0105g\u00f3w w Micha\u0142owie, przy ul. Le\u015bnej 1<br \/>\n(\u015broda 8:00 \u2013 12:00)<\/li>\n<li><strong>Zab\u0142ud\u00f3w<\/strong>: w budynku MOPS w Zab\u0142udowie, przy ul. Mickiewicza 5<br \/>\n(pi\u0105tek 8:00 \u2013 12:00)<\/li>\n<\/ul>\n<p><strong>Punkt nieodp\u0142atnego poradnictwa obywatelskiego w Choroszczy \u2013 ul. Henryka Sienkiewicza 42, 16-070 Choroszcz:<\/strong><\/p>\n<ul>\n<li>poniedzia\u0142ek-\u015broda w godz. 8:00-12:00;<\/li>\n<li>czwartek-pi\u0105tek w godz. 12:30-16:30;<\/li>\n<\/ul>\n<p><strong>Punkt nieodp\u0142atnego poradnictwa obywatelskiego w Bia\u0142ymstoku \u2013 ul. S\u0142onimska 15\/1, 15-028 Bia\u0142ystok:<\/strong><\/p>\n<ul>\n<li>poniedzia\u0142ek-\u015broda w godz.\u00a012:30-16:30;<\/li>\n<li>czwartek-pi\u0105tek w godz. 8:00-12:00;<\/li>\n<\/ul>\n<p>&nbsp;<\/p>\n<p>Chc\u0105c skorzysta\u0107 z porady, nale\u017cy wcze\u015bniej telefonicznie um\u00f3wi\u0107 si\u0119 na wizyt\u0119 dzwoni\u0105c pod numer telefonu:\u00a0<strong> 533 330 857\u00a0 <\/strong>lub e-mailowo:\u00a0 m.szerenos@st.bialystok.wrotapodlasia.pl, m.wiszniewska@st.bialystok.wrotapodlasia.pl b\u0105d\u017a\u00a0za po\u015brednictwem strony internetowej przeznaczonej do zapis\u00f3w\u00a0<a href=\"https:\/\/zapisy-np.ms.gov.pl\/\">https:\/\/zapisy-np.ms.gov.pl<\/a><\/p>\n","protected":false},"excerpt":{"rendered":"<p>PUNKT NIEODP\u0141ATNEJ POMOCY PRAWNEJ I DWA PUNKTY NIEODP\u0141ATNEGO PORADNICTWA OBYWATELSKIEGO\u00a0 Z przyjemno\u015bci\u0105 informujemy, \u017ce na terenie Powiatu Bia\u0142ostockiego dzia\u0142aj\u0105 trzy punkty \u2013 punkt nieodp\u0142atnej pomocy prawnej oraz dwa punkty nieodp\u0142atnego poradnictwa obywatelskiego , kt\u00f3re funkcjonuj\u0105 wed\u0142ug harmonogram\u00f3w jak ni\u017cej: Punkt nieodp\u0142atnej pomocy prawnej: Dobrzyniewo Du\u017ce:\u00a0w budynku Urz\u0119du Gminy w Dobrzyniewie Du\u017cym, ul. Bia\u0142ostocka 25\u00a0 \u00a0 [&hellip;]<\/p>\n","protected":false},"author":10015,"featured_media":11539,"comment_status":"closed","ping_status":"open","sticky":false,"template":"","format":"standard","meta":{"_et_pb_use_builder":"","_et_pb_old_content":"","_et_gb_content_width":"","cybocfi_hide_featured_image":"","footnotes":""},"categories":[99],"tags":[],"class_list":["post-11538","post","type-post","status-publish","format-standard","has-post-thumbnail","hentry","category-aktualnosci","high-contrast"],"_links":{"self":[{"href":"https:\/\/umtykocin.pl\/mieszkaniec\/wp-json\/wp\/v2\/posts\/11538","targetHints":{"allow":["GET"]}}],"collection":[{"href":"https:\/\/umtykocin.pl\/mieszkaniec\/wp-json\/wp\/v2\/posts"}],"about":[{"href":"https:\/\/umtykocin.pl\/mieszkaniec\/wp-json\/wp\/v2\/types\/post"}],"author":[{"embeddable":true,"href":"https:\/\/umtykocin.pl\/mieszkaniec\/wp-json\/wp\/v2\/users\/10015"}],"replies":[{"embeddable":true,"href":"https:\/\/umtykocin.pl\/mieszkaniec\/wp-json\/wp\/v2\/comments?post=11538"}],"version-history":[{"count":1,"href":"https:\/\/umtykocin.pl\/mieszkaniec\/wp-json\/wp\/v2\/posts\/11538\/revisions"}],"predecessor-version":[{"id":11540,"href":"https:\/\/umtykocin.pl\/mieszkaniec\/wp-json\/wp\/v2\/posts\/11538\/revisions\/11540"}],"wp:featuredmedia":[{"embeddable":true,"href":"https:\/\/umtykocin.pl\/mieszkaniec\/wp-json\/wp\/v2\/media\/11539"}],"wp:attachment":[{"href":"https:\/\/umtykocin.pl\/mieszkaniec\/wp-json\/wp\/v2\/media?parent=11538"}],"wp:term":[{"taxonomy":"category","embeddable":true,"href":"https:\/\/umtykocin.pl\/mieszkaniec\/wp-json\/wp\/v2\/categories?post=11538"},{"taxonomy":"post_tag","embeddable":true,"href":"https:\/\/umtykocin.pl\/mieszkaniec\/wp-json\/wp\/v2\/tags?post=11538"}],"curies":[{"name":"wp","href":"https:\/\/api.w.org\/{rel}","templated":true}]}}